{"id":348188,"date":"2025-03-07T09:00:53","date_gmt":"2025-03-07T06:00:53","guid":{"rendered":"https:\/\/sana.sy\/es\/?p=348188"},"modified":"2025-03-07T09:28:04","modified_gmt":"2025-03-07T06:28:04","slug":"arabia-saudita-condena-crimenes-cometidos-por-grupos-fuera-de-la-ley-en-siria-y-reafirma-su-apoyo-al-gobierno-sirio","status":"publish","type":"post","link":"https:\/\/archive.sana.sy\/es\/?p=348188","title":{"rendered":"Arabia Saudita condena cr\u00edmenes cometidos por grupos fuera de la ley en Siria y reafirma su apoyo al gobierno sirio"},"content":{"rendered":"<p style=\"text-align: justify;\"><span style=\"color: #800000;\"><strong>Riad, 07 mar (SANA)\u00a0<\/strong><\/span> El Reino de Arabia Saudita conden\u00f3 los cr\u00edmenes cometidos por grupos al margen de la ley en la Rep\u00fablica \u00c1rabe Siria y sus ataques contra las fuerzas de seguridad, y afirm\u00f3 su apoyo al Gobierno sirio.<\/p>\n<p style=\"text-align: justify;\">El Reino de Arabia Saudita condena los cr\u00edmenes cometidos por grupos ilegales en la Rep\u00fablica \u00c1rabe Siria y sus ataques contra las fuerzas de seguridad, y afirma su apoyo al gobierno sirio en sus esfuerzos por mantener la seguridad y la estabilidad y preservar la paz civil, declar\u00f3 la Canciller\u00eda de Arabia Saudita.<\/p>\n","protected":false},"excerpt":{"rendered":"<p>Riad, 07 mar (SANA)\u00a0 El Reino de Arabia Saudita conden\u00f3 los cr\u00edmenes cometidos por grupos al margen de la ley en la Rep\u00fablica \u00c1rabe Siria y sus ataques contra las fuerzas de seguridad, y afirm\u00f3 su apoyo al Gobierno sirio. El Reino de Arabia Saudita condena los cr\u00edmenes cometidos por grupos ilegales en la Rep\u00fablica &hellip;<\/p>\n","protected":false},"author":39,"featured_media":348189,"comment_status":"closed","ping_status":"closed","sticky":false,"template":"","format":"standard","meta":{"footnotes":""},"categories":[597,456,20724,467,7541],"tags":[],"class_list":["post-348188","post","type-post","status-publish","format-standard","has-post-thumbnail","","category-cinta-de-noticias","category-arabe-internacional-politica","category-minuto-a-minuto","category-siria-y-el-mundo","category-ultimas-noticias"],"_links":{"self":[{"href":"https:\/\/archive.sana.sy\/es\/index.php?rest_route=\/wp\/v2\/posts\/348188"}],"collection":[{"href":"https:\/\/archive.sana.sy\/es\/index.php?rest_route=\/wp\/v2\/posts"}],"about":[{"href":"https:\/\/archive.sana.sy\/es\/index.php?rest_route=\/wp\/v2\/types\/post"}],"author":[{"embeddable":true,"href":"https:\/\/archive.sana.sy\/es\/index.php?rest_route=\/wp\/v2\/users\/39"}],"replies":[{"embeddable":true,"href":"https:\/\/archive.sana.sy\/es\/index.php?rest_route=%2Fwp%2Fv2%2Fcomments&post=348188"}],"version-history":[{"count":1,"href":"https:\/\/archive.sana.sy\/es\/index.php?rest_route=\/wp\/v2\/posts\/348188\/revisions"}],"predecessor-version":[{"id":348190,"href":"https:\/\/archive.sana.sy\/es\/index.php?rest_route=\/wp\/v2\/posts\/348188\/revisions\/348190"}],"wp:featuredmedia":[{"embeddable":true,"href":"https:\/\/archive.sana.sy\/es\/index.php?rest_route=\/wp\/v2\/media\/348189"}],"wp:attachment":[{"href":"https:\/\/archive.sana.sy\/es\/index.php?rest_route=%2Fwp%2Fv2%2Fmedia&parent=348188"}],"wp:term":[{"taxonomy":"category","embeddable":true,"href":"https:\/\/archive.sana.sy\/es\/index.php?rest_route=%2Fwp%2Fv2%2Fcategories&post=348188"},{"taxonomy":"post_tag","embeddable":true,"href":"https:\/\/archive.sana.sy\/es\/index.php?rest_route=%2Fwp%2Fv2%2Ftags&post=348188"}],"curies":[{"name":"wp","href":"https:\/\/api.w.org\/{rel}","templated":true}]}}