{"id":348191,"date":"2025-03-07T11:51:12","date_gmt":"2025-03-07T08:51:12","guid":{"rendered":"https:\/\/sana.sy\/es\/?p=348191"},"modified":"2025-03-07T11:51:12","modified_gmt":"2025-03-07T08:51:12","slug":"jordania-acogera-el-proximo-domingo-una-reunion-de-paises-vecinos-de-siria-para-debatir-cuestiones-y-desafios-comunes","status":"publish","type":"post","link":"https:\/\/archive.sana.sy\/es\/?p=348191","title":{"rendered":"Jordania acoger\u00e1 el pr\u00f3ximo domingo una reuni\u00f3n de pa\u00edses vecinos de Siria para debatir cuestiones y desaf\u00edos comunes"},"content":{"rendered":"<p style=\"text-align: justify;\"><span style=\"color: #800000;\"><strong>Amm\u00e1n, 07 mar (SANA)\u00a0<\/strong><\/span> El Ministerio de Asuntos Exteriores de Jordania anunci\u00f3 que el Reino Hachemita de Jordania acoger\u00e1 el pr\u00f3ximo domingo en la capital, Amm\u00e1n, una reuni\u00f3n de los pa\u00edses vecinos de Siria para examinar la cooperaci\u00f3n en la lucha contra el terrorismo, el tr\u00e1fico de drogas y armas, as\u00ed como enfrentar otros desaf\u00edos comunes.<\/p>\n<p style=\"text-align: justify;\">\u201cLa reuni\u00f3n tambi\u00e9n abordar\u00e1 maneras de apoyar al hermano pueblo sirio en sus esfuerzos por reconstruir su pa\u00eds sobre las bases que garantizan su unidad, soberan\u00eda, seguridad y estabilidad y lo libran del terrorismo, adem\u00e1s , aseguran las condiciones para el retorno voluntario de los refugiados y preservan los derechos de todos los sirios\u201d, anunci\u00f3 el portavoz oficial de la Canciller\u00eda jordana, el embajador Sufian Qudah, inform\u00f3 aa Agencia de Noticias de Jordania (Petra)<\/p>\n<p style=\"text-align: justify;\">Adem\u00e1s, el diplom\u00e1tico jordano explic\u00f3 que a la reuni\u00f3n asistir\u00e1n los Ministros de Asuntos Exteriores y de Defensa, Jefes de Estado Mayor y Directores de Servicios de Inteligencia de Jordania, Turqu\u00eda, Siria, Irak y L\u00edbano.<\/p>\n","protected":false},"excerpt":{"rendered":"<p>Amm\u00e1n, 07 mar (SANA)\u00a0 El Ministerio de Asuntos Exteriores de Jordania anunci\u00f3 que el Reino Hachemita de Jordania acoger\u00e1 el pr\u00f3ximo domingo en la capital, Amm\u00e1n, una reuni\u00f3n de los pa\u00edses vecinos de Siria para examinar la cooperaci\u00f3n en la lucha contra el terrorismo, el tr\u00e1fico de drogas y armas, as\u00ed como enfrentar otros desaf\u00edos &hellip;<\/p>\n","protected":false},"author":39,"featured_media":348192,"comment_status":"closed","ping_status":"closed","sticky":false,"template":"","format":"standard","meta":{"footnotes":""},"categories":[597,456,20724,467,7541],"tags":[],"class_list":["post-348191","post","type-post","status-publish","format-standard","has-post-thumbnail","","category-cinta-de-noticias","category-arabe-internacional-politica","category-minuto-a-minuto","category-siria-y-el-mundo","category-ultimas-noticias"],"_links":{"self":[{"href":"https:\/\/archive.sana.sy\/es\/index.php?rest_route=\/wp\/v2\/posts\/348191"}],"collection":[{"href":"https:\/\/archive.sana.sy\/es\/index.php?rest_route=\/wp\/v2\/posts"}],"about":[{"href":"https:\/\/archive.sana.sy\/es\/index.php?rest_route=\/wp\/v2\/types\/post"}],"author":[{"embeddable":true,"href":"https:\/\/archive.sana.sy\/es\/index.php?rest_route=\/wp\/v2\/users\/39"}],"replies":[{"embeddable":true,"href":"https:\/\/archive.sana.sy\/es\/index.php?rest_route=%2Fwp%2Fv2%2Fcomments&post=348191"}],"version-history":[{"count":1,"href":"https:\/\/archive.sana.sy\/es\/index.php?rest_route=\/wp\/v2\/posts\/348191\/revisions"}],"predecessor-version":[{"id":348193,"href":"https:\/\/archive.sana.sy\/es\/index.php?rest_route=\/wp\/v2\/posts\/348191\/revisions\/348193"}],"wp:featuredmedia":[{"embeddable":true,"href":"https:\/\/archive.sana.sy\/es\/index.php?rest_route=\/wp\/v2\/media\/348192"}],"wp:attachment":[{"href":"https:\/\/archive.sana.sy\/es\/index.php?rest_route=%2Fwp%2Fv2%2Fmedia&parent=348191"}],"wp:term":[{"taxonomy":"category","embeddable":true,"href":"https:\/\/archive.sana.sy\/es\/index.php?rest_route=%2Fwp%2Fv2%2Fcategories&post=348191"},{"taxonomy":"post_tag","embeddable":true,"href":"https:\/\/archive.sana.sy\/es\/index.php?rest_route=%2Fwp%2Fv2%2Ftags&post=348191"}],"curies":[{"name":"wp","href":"https:\/\/api.w.org\/{rel}","templated":true}]}}