{"id":348194,"date":"2025-03-07T15:22:10","date_gmt":"2025-03-07T12:22:10","guid":{"rendered":"https:\/\/sana.sy\/es\/?p=348194"},"modified":"2025-03-07T15:22:10","modified_gmt":"2025-03-07T12:22:10","slug":"ankara-nos-oponemos-a-todas-las-acciones-que-atenten-contra-el-derecho-de-los-sirios-a-vivir-en-paz-y-bienestar","status":"publish","type":"post","link":"https:\/\/archive.sana.sy\/es\/?p=348194","title":{"rendered":"Ankara: Nos oponemos a todas las acciones que atenten contra el derecho de los sirios a vivir en paz y bienestar"},"content":{"rendered":"<p style=\"text-align: justify;\"><span style=\"color: #800000;\"><strong>Ankara, 7 mar (SANA)<\/strong><\/span> El Ministerio de Asuntos Exteriores de Turqu\u00eda afirm\u00f3 su oposici\u00f3n a todas las acciones que atenten contra el derecho de los sirios a vivir en paz y prosperidad.<\/p>\n<p style=\"text-align: justify;\">&#8220;No se debe permitir que tales provocaciones se conviertan en una amenaza para la paz en Siria y la regi\u00f3n, y nos oponemos a todas las acciones que atenten contra el derecho de los sirios a vivir en paz y prosperidad\u201d, anunci\u00f3 la Canciller\u00eda turca en un comentario sobre los recientes acontecimientos en la provincia de Latakia.<\/p>\n","protected":false},"excerpt":{"rendered":"<p>Ankara, 7 mar (SANA) El Ministerio de Asuntos Exteriores de Turqu\u00eda afirm\u00f3 su oposici\u00f3n a todas las acciones que atenten contra el derecho de los sirios a vivir en paz y prosperidad. &#8220;No se debe permitir que tales provocaciones se conviertan en una amenaza para la paz en Siria y la regi\u00f3n, y nos oponemos &hellip;<\/p>\n","protected":false},"author":43,"featured_media":348195,"comment_status":"closed","ping_status":"closed","sticky":false,"template":"","format":"standard","meta":{"footnotes":""},"categories":[597,456,20724,467,7541],"tags":[],"class_list":["post-348194","post","type-post","status-publish","format-standard","has-post-thumbnail","","category-cinta-de-noticias","category-arabe-internacional-politica","category-minuto-a-minuto","category-siria-y-el-mundo","category-ultimas-noticias"],"_links":{"self":[{"href":"https:\/\/archive.sana.sy\/es\/index.php?rest_route=\/wp\/v2\/posts\/348194"}],"collection":[{"href":"https:\/\/archive.sana.sy\/es\/index.php?rest_route=\/wp\/v2\/posts"}],"about":[{"href":"https:\/\/archive.sana.sy\/es\/index.php?rest_route=\/wp\/v2\/types\/post"}],"author":[{"embeddable":true,"href":"https:\/\/archive.sana.sy\/es\/index.php?rest_route=\/wp\/v2\/users\/43"}],"replies":[{"embeddable":true,"href":"https:\/\/archive.sana.sy\/es\/index.php?rest_route=%2Fwp%2Fv2%2Fcomments&post=348194"}],"version-history":[{"count":1,"href":"https:\/\/archive.sana.sy\/es\/index.php?rest_route=\/wp\/v2\/posts\/348194\/revisions"}],"predecessor-version":[{"id":348196,"href":"https:\/\/archive.sana.sy\/es\/index.php?rest_route=\/wp\/v2\/posts\/348194\/revisions\/348196"}],"wp:featuredmedia":[{"embeddable":true,"href":"https:\/\/archive.sana.sy\/es\/index.php?rest_route=\/wp\/v2\/media\/348195"}],"wp:attachment":[{"href":"https:\/\/archive.sana.sy\/es\/index.php?rest_route=%2Fwp%2Fv2%2Fmedia&parent=348194"}],"wp:term":[{"taxonomy":"category","embeddable":true,"href":"https:\/\/archive.sana.sy\/es\/index.php?rest_route=%2Fwp%2Fv2%2Fcategories&post=348194"},{"taxonomy":"post_tag","embeddable":true,"href":"https:\/\/archive.sana.sy\/es\/index.php?rest_route=%2Fwp%2Fv2%2Ftags&post=348194"}],"curies":[{"name":"wp","href":"https:\/\/api.w.org\/{rel}","templated":true}]}}