{"id":34822,"date":"2015-12-08T19:06:37","date_gmt":"2015-12-08T17:06:37","guid":{"rendered":"http:\/\/sana.sy\/es\/?p=34822"},"modified":"2015-12-08T19:07:51","modified_gmt":"2015-12-08T17:07:51","slug":"cinco-heridos-tras-ataques-terroristas-con-mortero-contra-damasco","status":"publish","type":"post","link":"https:\/\/archive.sana.sy\/es\/?p=34822","title":{"rendered":"Siete heridos tras ataques terroristas con mortero contra Damasco"},"content":{"rendered":"<p><span style=\"color: #800000\">Damasco, SANA<\/span><\/p>\n<p>Siete\u00a0personas resultaron heridas este martes tras una serie de morterazos contra la capital Damasco.<\/p>\n<p>Una fuente policial inform\u00f3 que terroristas (del llamado Ej\u00e9rcito del Islam) atrincherados en Ghouta Este lanzaron hoy el martes cuatro obuses de mortero contra el jard\u00edn de al-Soufaniye y el \u00e1rea de al-Sheikh Rislan en el barrio de Bab Touma en Damasco, ocasionando seis\u00a0heridos y da\u00f1os materiales.<\/p>\n<p>La fuente agreg\u00f3 que tres\u00a0obuses de mortero impactaron tambi\u00e9n en el barrio de al-Sheikh Mehyi Addin, dejando un herido y da\u00f1os materiales en una escuela y algunos veh\u00edculos.<\/p>\n<p>La sala deportiva de al-Faihaa y el barrio de al-Adawi, y la periferia de la zona de al-Abassiyin sufrieron tambi\u00e9n ataques semejantes que dejaron solamente\u00a0da\u00f1os materiales.<br \/>\nLynn A.<\/p>\n","protected":false},"excerpt":{"rendered":"<p>Damasco, SANA Siete\u00a0personas resultaron heridas este martes tras una serie de morterazos contra la capital Damasco. Una fuente policial inform\u00f3 que terroristas (del llamado Ej\u00e9rcito del Islam) atrincherados en Ghouta Este lanzaron hoy el martes cuatro obuses de mortero contra el jard\u00edn de al-Soufaniye y el \u00e1rea de al-Sheikh Rislan en el barrio de Bab &hellip;<\/p>\n","protected":false},"author":24,"featured_media":32317,"comment_status":"closed","ping_status":"closed","sticky":false,"template":"","format":"standard","meta":{"footnotes":""},"categories":[477,597,573,476,7541],"tags":[],"class_list":["post-34822","post","type-post","status-publish","format-standard","has-post-thumbnail","","category-noticias-edulcorantes","category-cinta-de-noticias","category-la-realidad-de-los-acontecimientos-en-siria","category-locales","category-ultimas-noticias"],"_links":{"self":[{"href":"https:\/\/archive.sana.sy\/es\/index.php?rest_route=\/wp\/v2\/posts\/34822"}],"collection":[{"href":"https:\/\/archive.sana.sy\/es\/index.php?rest_route=\/wp\/v2\/posts"}],"about":[{"href":"https:\/\/archive.sana.sy\/es\/index.php?rest_route=\/wp\/v2\/types\/post"}],"author":[{"embeddable":true,"href":"https:\/\/archive.sana.sy\/es\/index.php?rest_route=\/wp\/v2\/users\/24"}],"replies":[{"embeddable":true,"href":"https:\/\/archive.sana.sy\/es\/index.php?rest_route=%2Fwp%2Fv2%2Fcomments&post=34822"}],"version-history":[{"count":0,"href":"https:\/\/archive.sana.sy\/es\/index.php?rest_route=\/wp\/v2\/posts\/34822\/revisions"}],"wp:featuredmedia":[{"embeddable":true,"href":"https:\/\/archive.sana.sy\/es\/index.php?rest_route=\/wp\/v2\/media\/32317"}],"wp:attachment":[{"href":"https:\/\/archive.sana.sy\/es\/index.php?rest_route=%2Fwp%2Fv2%2Fmedia&parent=34822"}],"wp:term":[{"taxonomy":"category","embeddable":true,"href":"https:\/\/archive.sana.sy\/es\/index.php?rest_route=%2Fwp%2Fv2%2Fcategories&post=34822"},{"taxonomy":"post_tag","embeddable":true,"href":"https:\/\/archive.sana.sy\/es\/index.php?rest_route=%2Fwp%2Fv2%2Ftags&post=34822"}],"curies":[{"name":"wp","href":"https:\/\/api.w.org\/{rel}","templated":true}]}}