{"id":348257,"date":"2025-03-07T19:38:34","date_gmt":"2025-03-07T16:38:34","guid":{"rendered":"https:\/\/sana.sy\/es\/?p=348257"},"modified":"2025-03-07T19:39:30","modified_gmt":"2025-03-07T16:39:30","slug":"jordania-condena-las-intervenciones-externas-que-atentan-contra-la-seguridad-de-siria","status":"publish","type":"post","link":"https:\/\/archive.sana.sy\/es\/?p=348257","title":{"rendered":"Jordania condena injerencias externas que atentan contra la seguridad de Siria"},"content":{"rendered":"<p style=\"text-align: justify;\"><span style=\"color: #800000;\"><strong>Amm\u00e1n, 07 mar (SANA)\u00a0<\/strong><\/span> Jordania conden\u00f3 las injerencias extranjeras dirigidas contra la seguridad de Siria y destac\u00f3 su apoyo al gobierno sirio en todas las medidas que adopte para proteger la seguridad y la estabilidad.<\/p>\n<p style=\"text-align: justify;\">\u201cJordania condena todos los intentos, grupos e intervenciones externas que atentan contra la seguridad, la paz y las instituciones de seguridad de la hermana Siria, y tratan de empujarla hacia el caos, la discordia y el conflicto\u201d, declar\u00f3 el portavoz del Ministerio de Asuntos Exteriores de Jordania, el embajador, Sufian Qudah, inform\u00f3 la Agencia de Noticias de Jordania (Petra).<\/p>\n<p style=\"text-align: justify;\">Asimismo, el diplom\u00e1tico jordano manifest\u00f3 el apoyo de su pa\u00eds al gobierno sirio en todas las medidas que tome para proteger la seguridad de Siria, la estabilidad y la seguridad de su pueblo, y para preservar la ley y la paz civil.<\/p>\n<p style=\"text-align: justify;\">Adem\u00e1s, el vocero subray\u00f3 la necesidad de realizar esfuerzos concertados para apoyar a Siria en el proceso de reconstrucci\u00f3n del nuevo Estado sirio sobre las bases que protejan su unidad, seguridad, estabilidad y soberan\u00eda, y preserven los derechos de todos los sirios.<\/p>\n","protected":false},"excerpt":{"rendered":"<p>Amm\u00e1n, 07 mar (SANA)\u00a0 Jordania conden\u00f3 las injerencias extranjeras dirigidas contra la seguridad de Siria y destac\u00f3 su apoyo al gobierno sirio en todas las medidas que adopte para proteger la seguridad y la estabilidad. \u201cJordania condena todos los intentos, grupos e intervenciones externas que atentan contra la seguridad, la paz y las instituciones de &hellip;<\/p>\n","protected":false},"author":39,"featured_media":348258,"comment_status":"closed","ping_status":"closed","sticky":false,"template":"","format":"standard","meta":{"footnotes":""},"categories":[597,456,20724,467,7541],"tags":[],"class_list":["post-348257","post","type-post","status-publish","format-standard","has-post-thumbnail","","category-cinta-de-noticias","category-arabe-internacional-politica","category-minuto-a-minuto","category-siria-y-el-mundo","category-ultimas-noticias"],"_links":{"self":[{"href":"https:\/\/archive.sana.sy\/es\/index.php?rest_route=\/wp\/v2\/posts\/348257"}],"collection":[{"href":"https:\/\/archive.sana.sy\/es\/index.php?rest_route=\/wp\/v2\/posts"}],"about":[{"href":"https:\/\/archive.sana.sy\/es\/index.php?rest_route=\/wp\/v2\/types\/post"}],"author":[{"embeddable":true,"href":"https:\/\/archive.sana.sy\/es\/index.php?rest_route=\/wp\/v2\/users\/39"}],"replies":[{"embeddable":true,"href":"https:\/\/archive.sana.sy\/es\/index.php?rest_route=%2Fwp%2Fv2%2Fcomments&post=348257"}],"version-history":[{"count":2,"href":"https:\/\/archive.sana.sy\/es\/index.php?rest_route=\/wp\/v2\/posts\/348257\/revisions"}],"predecessor-version":[{"id":348260,"href":"https:\/\/archive.sana.sy\/es\/index.php?rest_route=\/wp\/v2\/posts\/348257\/revisions\/348260"}],"wp:featuredmedia":[{"embeddable":true,"href":"https:\/\/archive.sana.sy\/es\/index.php?rest_route=\/wp\/v2\/media\/348258"}],"wp:attachment":[{"href":"https:\/\/archive.sana.sy\/es\/index.php?rest_route=%2Fwp%2Fv2%2Fmedia&parent=348257"}],"wp:term":[{"taxonomy":"category","embeddable":true,"href":"https:\/\/archive.sana.sy\/es\/index.php?rest_route=%2Fwp%2Fv2%2Fcategories&post=348257"},{"taxonomy":"post_tag","embeddable":true,"href":"https:\/\/archive.sana.sy\/es\/index.php?rest_route=%2Fwp%2Fv2%2Ftags&post=348257"}],"curies":[{"name":"wp","href":"https:\/\/api.w.org\/{rel}","templated":true}]}}