{"id":348261,"date":"2025-03-07T19:54:03","date_gmt":"2025-03-07T16:54:03","guid":{"rendered":"https:\/\/sana.sy\/es\/?p=348261"},"modified":"2025-03-07T19:54:03","modified_gmt":"2025-03-07T16:54:03","slug":"qatar-afirma-su-apoyo-al-gobierno-sirio-en-todas-las-medidas-que-tome-para-consolidar-la-paz-civil-y-la-seguridad","status":"publish","type":"post","link":"https:\/\/archive.sana.sy\/es\/?p=348261","title":{"rendered":"Qatar afirma su apoyo al gobierno sirio en todas las medidas que tome para consolidar la paz civil y la seguridad"},"content":{"rendered":"<p style=\"text-align: justify;\"><span style=\"color: #800000;\"><strong>Doha, 07 mar (SANA)<\/strong><\/span> Qatar conden\u00f3 los cr\u00edmenes cometidos por grupos fuera de la ley en Siria y destac\u00f3 su apoyo al gobierno sirio en todas las medidas que adopte para consolidar la paz civil y mantener la seguridad y la estabilidad.<\/p>\n<p style=\"text-align: justify;\">\u00a0\u201cEl Estado de Qatar condena en los t\u00e9rminos m\u00e1s en\u00e9rgicos los cr\u00edmenes cometidos por grupos al margen de la ley contra las Fuerzas de Seguridad en la hermana Rep\u00fablica \u00c1rabe Siria\u201d, anunci\u00f3 el Ministerio de Asuntos Exteriores de Qatar hoy por medio de un comunicado.<\/p>\n<p style=\"text-align: justify;\">\u00a0\u201cAfirmamos nuestra solidaridad y apoyo al gobierno sirio y todas las medidas que tome para consolidar la paz civil y mantener la seguridad y la estabilidad en el pa\u00eds\u201d, agreg\u00f3.<\/p>\n<p style=\"text-align: justify;\">Asimismo, la Canciller\u00eda qatar\u00ed reiter\u00f3 el pleno apoyo de Qatar a la soberan\u00eda, la independencia, la unidad y la integridad territorial de Siria y a la consecuci\u00f3n de las aspiraciones de su pueblo a la libertad, el desarrollo y la prosperidad.<\/p>\n","protected":false},"excerpt":{"rendered":"<p>Doha, 07 mar (SANA) Qatar conden\u00f3 los cr\u00edmenes cometidos por grupos fuera de la ley en Siria y destac\u00f3 su apoyo al gobierno sirio en todas las medidas que adopte para consolidar la paz civil y mantener la seguridad y la estabilidad. \u00a0\u201cEl Estado de Qatar condena en los t\u00e9rminos m\u00e1s en\u00e9rgicos los cr\u00edmenes cometidos &hellip;<\/p>\n","protected":false},"author":43,"featured_media":348262,"comment_status":"closed","ping_status":"closed","sticky":false,"template":"","format":"standard","meta":{"footnotes":""},"categories":[597,456,20724,467,7541],"tags":[],"class_list":["post-348261","post","type-post","status-publish","format-standard","has-post-thumbnail","","category-cinta-de-noticias","category-arabe-internacional-politica","category-minuto-a-minuto","category-siria-y-el-mundo","category-ultimas-noticias"],"_links":{"self":[{"href":"https:\/\/archive.sana.sy\/es\/index.php?rest_route=\/wp\/v2\/posts\/348261"}],"collection":[{"href":"https:\/\/archive.sana.sy\/es\/index.php?rest_route=\/wp\/v2\/posts"}],"about":[{"href":"https:\/\/archive.sana.sy\/es\/index.php?rest_route=\/wp\/v2\/types\/post"}],"author":[{"embeddable":true,"href":"https:\/\/archive.sana.sy\/es\/index.php?rest_route=\/wp\/v2\/users\/43"}],"replies":[{"embeddable":true,"href":"https:\/\/archive.sana.sy\/es\/index.php?rest_route=%2Fwp%2Fv2%2Fcomments&post=348261"}],"version-history":[{"count":1,"href":"https:\/\/archive.sana.sy\/es\/index.php?rest_route=\/wp\/v2\/posts\/348261\/revisions"}],"predecessor-version":[{"id":348263,"href":"https:\/\/archive.sana.sy\/es\/index.php?rest_route=\/wp\/v2\/posts\/348261\/revisions\/348263"}],"wp:featuredmedia":[{"embeddable":true,"href":"https:\/\/archive.sana.sy\/es\/index.php?rest_route=\/wp\/v2\/media\/348262"}],"wp:attachment":[{"href":"https:\/\/archive.sana.sy\/es\/index.php?rest_route=%2Fwp%2Fv2%2Fmedia&parent=348261"}],"wp:term":[{"taxonomy":"category","embeddable":true,"href":"https:\/\/archive.sana.sy\/es\/index.php?rest_route=%2Fwp%2Fv2%2Fcategories&post=348261"},{"taxonomy":"post_tag","embeddable":true,"href":"https:\/\/archive.sana.sy\/es\/index.php?rest_route=%2Fwp%2Fv2%2Ftags&post=348261"}],"curies":[{"name":"wp","href":"https:\/\/api.w.org\/{rel}","templated":true}]}}