{"id":348264,"date":"2025-03-07T20:18:39","date_gmt":"2025-03-07T17:18:39","guid":{"rendered":"https:\/\/sana.sy\/es\/?p=348264"},"modified":"2025-03-07T20:19:09","modified_gmt":"2025-03-07T17:19:09","slug":"canciller-sirio-el-pueblo-sirio-mostro-conciencia-y-patriotismo-unicos-al-unirse-y-proteger-intereses-nacionales","status":"publish","type":"post","link":"https:\/\/archive.sana.sy\/es\/?p=348264","title":{"rendered":"Canciller sirio: El pueblo sirio mostr\u00f3 conciencia y patriotismo \u00fanicos al unirse y proteger sus intereses nacionales"},"content":{"rendered":"<p style=\"text-align: justify;\"><span style=\"color: #800000;\"><strong>Damasco, 07 mar (SANA)<\/strong><\/span>\u00a0 El Ministro de Asuntos Exteriores, Asaad Al-Sheibani, destac\u00f3 que el pueblo sirio ha demostrado una conciencia y patriotismo \u00fanicos al unirse y proteger los intereses nacionales y respaldar a su liderazgo, y que lo que ocurri\u00f3 ayer no puede tener \u00e9xito en un pa\u00eds cuyo ej\u00e9rcito es el propio pueblo.<\/p>\n<p style=\"text-align: justify;\">\u201cHemos estado y seguimos enfrentando, desde el primer d\u00eda, una guerra oculta y declarada para quebrantar la voluntad del pueblo sirio y derrotarlo en el campo de la seguridad, la pol\u00edtica y la gobernanza, sembrando el caos por un lado, e intentos de cierre pol\u00edtico en el extranjero por el otro.\u201d, escribi\u00f3 el Canciller en X.<\/p>\n<p style=\"text-align: justify;\">A\u00f1adi\u00f3: &#8220;Sin embargo, hemos frustrado estos intentos muchas veces y hemos devuelto a Siria a su lugar en la regi\u00f3n y en el mundo. El pueblo sirio tambi\u00e9n ha demostrado una conciencia y un patriotismo \u00fanicos al unirse y proteger los intereses nacionales y respaldar a su liderazgo, especialmente en las localidades en las que el mundo exterior estaba apostando&#8221;.<\/p>\n<p style=\"text-align: justify;\">El jefe de la diplomacia siria continu\u00f3: &#8220;Por otra parte, desde el primer d\u00eda de la ca\u00edda del r\u00e9gimen de Assad, las nuevas autoridades sirias, representadas por el Presidente Ahmed al-Sharaa, han tomado medidas prudentes para mejorar la seguridad, la estabilidad y la paz civil.<\/p>\n<p style=\"text-align: justify;\">Agreg\u00f3: &#8220;El pueblo sirio ha recuperado el control de su pa\u00eds despu\u00e9s de m\u00e1s de cincuenta a\u00f1os de exclusi\u00f3n y tiran\u00eda, y cada hogar sirio ha sacrificado todo lo que pose\u00eda por este momento, y lo que ocurri\u00f3 ayer no puede tener \u00e9xito en un pa\u00eds cuyo ej\u00e9rcito es el propio pueblo&#8221;.<\/p>\n<p style=\"text-align: justify;\">\u201cMientras le garantizo a nuestro pueblo que Siria ha pasado hoy la prueba una vez m\u00e1s y est\u00e1 avanzando hacia el futuro con fuerza y firmeza, agradezco a los pa\u00edses hermanos y amigos que expresaron su posici\u00f3n de apoyo hacia el gobierno sirio en su enfrentamiento con los remanentes de Assad\u201d, dijo.<\/p>\n<p style=\"text-align: justify;\">\u201cMisericordia para los m\u00e1rtires de nuestras instituciones militares y de seguridad, una pronta recuperaci\u00f3n para los heridos y castigo y rendici\u00f3n de cuentas para los involucrados en esta gran traici\u00f3n\u201d, concluy\u00f3.<\/p>\n","protected":false},"excerpt":{"rendered":"<p>Damasco, 07 mar (SANA)\u00a0 El Ministro de Asuntos Exteriores, Asaad Al-Sheibani, destac\u00f3 que el pueblo sirio ha demostrado una conciencia y patriotismo \u00fanicos al unirse y proteger los intereses nacionales y respaldar a su liderazgo, y que lo que ocurri\u00f3 ayer no puede tener \u00e9xito en un pa\u00eds cuyo ej\u00e9rcito es el propio pueblo. \u201cHemos &hellip;<\/p>\n","protected":false},"author":39,"featured_media":348265,"comment_status":"closed","ping_status":"closed","sticky":false,"template":"","format":"standard","meta":{"footnotes":""},"categories":[477,597,20724,476,7541],"tags":[],"class_list":["post-348264","post","type-post","status-publish","format-standard","has-post-thumbnail","","category-noticias-edulcorantes","category-cinta-de-noticias","category-minuto-a-minuto","category-locales","category-ultimas-noticias"],"_links":{"self":[{"href":"https:\/\/archive.sana.sy\/es\/index.php?rest_route=\/wp\/v2\/posts\/348264"}],"collection":[{"href":"https:\/\/archive.sana.sy\/es\/index.php?rest_route=\/wp\/v2\/posts"}],"about":[{"href":"https:\/\/archive.sana.sy\/es\/index.php?rest_route=\/wp\/v2\/types\/post"}],"author":[{"embeddable":true,"href":"https:\/\/archive.sana.sy\/es\/index.php?rest_route=\/wp\/v2\/users\/39"}],"replies":[{"embeddable":true,"href":"https:\/\/archive.sana.sy\/es\/index.php?rest_route=%2Fwp%2Fv2%2Fcomments&post=348264"}],"version-history":[{"count":2,"href":"https:\/\/archive.sana.sy\/es\/index.php?rest_route=\/wp\/v2\/posts\/348264\/revisions"}],"predecessor-version":[{"id":348267,"href":"https:\/\/archive.sana.sy\/es\/index.php?rest_route=\/wp\/v2\/posts\/348264\/revisions\/348267"}],"wp:featuredmedia":[{"embeddable":true,"href":"https:\/\/archive.sana.sy\/es\/index.php?rest_route=\/wp\/v2\/media\/348265"}],"wp:attachment":[{"href":"https:\/\/archive.sana.sy\/es\/index.php?rest_route=%2Fwp%2Fv2%2Fmedia&parent=348264"}],"wp:term":[{"taxonomy":"category","embeddable":true,"href":"https:\/\/archive.sana.sy\/es\/index.php?rest_route=%2Fwp%2Fv2%2Fcategories&post=348264"},{"taxonomy":"post_tag","embeddable":true,"href":"https:\/\/archive.sana.sy\/es\/index.php?rest_route=%2Fwp%2Fv2%2Ftags&post=348264"}],"curies":[{"name":"wp","href":"https:\/\/api.w.org\/{rel}","templated":true}]}}