{"id":348269,"date":"2025-03-08T10:09:44","date_gmt":"2025-03-08T07:09:44","guid":{"rendered":"https:\/\/sana.sy\/es\/?p=348269"},"modified":"2025-03-08T10:09:07","modified_gmt":"2025-03-08T07:09:07","slug":"damasco-acoge-bien-la-decision-de-la-oci-de-reanudar-la-membresia-de-siria","status":"publish","type":"post","link":"https:\/\/archive.sana.sy\/es\/?p=348269","title":{"rendered":"Damasco acoge bien la decisi\u00f3n de la OCI de reanudar la membres\u00eda de Siria"},"content":{"rendered":"<p style=\"text-align: justify;\"><span style=\"color: #800000;\"><strong>Damasco, 8 mar (SANA)\u00a0 \u00a0<\/strong><\/span>El Ministerio de Asuntos Exteriores acogi\u00f3 con satisfacci\u00f3n la decisi\u00f3n de la Organizaci\u00f3n de Cooperaci\u00f3n Isl\u00e1mica (OCI) de restaurar la membres\u00eda de Siria despu\u00e9s de 13 a\u00f1os de suspensi\u00f3n debido a los brutales cr\u00edmenes cometidos por el r\u00e9gimen de Assad.<\/p>\n<p style=\"text-align: justify;\">El Ministerio a\u00f1adi\u00f3 en un comunicado que esta decisi\u00f3n representa un paso importante hacia el retorno de Siria a las comunidades regional e internacional como un Estado libre y justo.<\/p>\n<p style=\"text-align: justify;\">&#8220;Como Gobierno compuesto por quienes una vez sufrieron la tiran\u00eda de Assad, reafirmamos nuestro firme compromiso con los principios de la OCI de cooperaci\u00f3n isl\u00e1mica, justicia y dignidad. Estamos dispuestos a trabajar codo a codo con nuestros hermanos y hermanas del mundo isl\u00e1mico para reconstruir Siria y fortalecer nuestra regi\u00f3n sobre la base de nuestros valores compartidos de justicia, paz y cooperaci\u00f3n&#8221;, afirm\u00f3 la Canciller\u00eda.<\/p>\n<p style=\"text-align: justify;\">El Ministerio concluy\u00f3 la declaraci\u00f3n diciendo: Juntos, esperamos construir un futuro en el que el pueblo sirio recupere el lugar que le corresponde entre las naciones, contribuyendo a un mundo isl\u00e1mico m\u00e1s fuerte y m\u00e1s unificado.<\/p>\n","protected":false},"excerpt":{"rendered":"<p>Damasco, 8 mar (SANA)\u00a0 \u00a0El Ministerio de Asuntos Exteriores acogi\u00f3 con satisfacci\u00f3n la decisi\u00f3n de la Organizaci\u00f3n de Cooperaci\u00f3n Isl\u00e1mica (OCI) de restaurar la membres\u00eda de Siria despu\u00e9s de 13 a\u00f1os de suspensi\u00f3n debido a los brutales cr\u00edmenes cometidos por el r\u00e9gimen de Assad. El Ministerio a\u00f1adi\u00f3 en un comunicado que esta decisi\u00f3n representa un &hellip;<\/p>\n","protected":false},"author":32,"featured_media":348270,"comment_status":"closed","ping_status":"closed","sticky":false,"template":"","format":"standard","meta":{"footnotes":""},"categories":[597,20724,467,583],"tags":[],"class_list":["post-348269","post","type-post","status-publish","format-standard","has-post-thumbnail","","category-cinta-de-noticias","category-minuto-a-minuto","category-siria-y-el-mundo","category-slide"],"_links":{"self":[{"href":"https:\/\/archive.sana.sy\/es\/index.php?rest_route=\/wp\/v2\/posts\/348269"}],"collection":[{"href":"https:\/\/archive.sana.sy\/es\/index.php?rest_route=\/wp\/v2\/posts"}],"about":[{"href":"https:\/\/archive.sana.sy\/es\/index.php?rest_route=\/wp\/v2\/types\/post"}],"author":[{"embeddable":true,"href":"https:\/\/archive.sana.sy\/es\/index.php?rest_route=\/wp\/v2\/users\/32"}],"replies":[{"embeddable":true,"href":"https:\/\/archive.sana.sy\/es\/index.php?rest_route=%2Fwp%2Fv2%2Fcomments&post=348269"}],"version-history":[{"count":2,"href":"https:\/\/archive.sana.sy\/es\/index.php?rest_route=\/wp\/v2\/posts\/348269\/revisions"}],"predecessor-version":[{"id":348275,"href":"https:\/\/archive.sana.sy\/es\/index.php?rest_route=\/wp\/v2\/posts\/348269\/revisions\/348275"}],"wp:featuredmedia":[{"embeddable":true,"href":"https:\/\/archive.sana.sy\/es\/index.php?rest_route=\/wp\/v2\/media\/348270"}],"wp:attachment":[{"href":"https:\/\/archive.sana.sy\/es\/index.php?rest_route=%2Fwp%2Fv2%2Fmedia&parent=348269"}],"wp:term":[{"taxonomy":"category","embeddable":true,"href":"https:\/\/archive.sana.sy\/es\/index.php?rest_route=%2Fwp%2Fv2%2Fcategories&post=348269"},{"taxonomy":"post_tag","embeddable":true,"href":"https:\/\/archive.sana.sy\/es\/index.php?rest_route=%2Fwp%2Fv2%2Ftags&post=348269"}],"curies":[{"name":"wp","href":"https:\/\/api.w.org\/{rel}","templated":true}]}}