{"id":348272,"date":"2025-03-08T09:56:13","date_gmt":"2025-03-08T06:56:13","guid":{"rendered":"https:\/\/sana.sy\/es\/?p=348272"},"modified":"2025-03-08T09:56:13","modified_gmt":"2025-03-08T06:56:13","slug":"qatar-apoya-todas-las-medidas-adoptadas-por-el-gobierno-sirio-para-consolidar-la-paz-civil","status":"publish","type":"post","link":"https:\/\/archive.sana.sy\/es\/?p=348272","title":{"rendered":"Qatar apoya todas las medidas adoptadas por el Gobierno sirio para consolidar la paz civil"},"content":{"rendered":"<p style=\"text-align: justify;\"><span style=\"color: #800000;\"><strong>Doha, 8 mar (SANA)\u00a0<\/strong> <\/span>Qatar conden\u00f3 los cr\u00edmenes cometidos por los grupos ilegales en Siria y destac\u00f3 su apoyo a todas las medidas adoptadas por el Gobierno sirio para consolidar la paz civil y mantener la seguridad y la estabilidad.<\/p>\n<p style=\"text-align: justify;\">El Ministerio de Asuntos Exteriores de Qatar inform\u00f3 en un comunicado que \u201cel Estado de Qatar condena en los t\u00e9rminos m\u00e1s en\u00e9rgicos los cr\u00edmenes cometidos por grupos ilegales y sus ataques contra las fuerzas de seguridad en la hermana Rep\u00fablica \u00c1rabe Siria\u201d.<\/p>\n<p style=\"text-align: justify;\">A\u00f1adi\u00f3: \u201cAfirmamos la solidaridad con el Gobierno sirio y el apoyo a todas las medidas que adopte para consolidar la paz civil y mantener la seguridad y la estabilidad en el pa\u00eds\u201d.<\/p>\n<p style=\"text-align: justify;\">El Ministerio reiter\u00f3 el pleno apoyo de Qatar a la soberan\u00eda, independencia, unidad e integridad territorial de Siria y a la consecuci\u00f3n de las aspiraciones de su pueblo a la libertad, el desarrollo y el bienestar.<\/p>\n","protected":false},"excerpt":{"rendered":"<p>Doha, 8 mar (SANA)\u00a0 Qatar conden\u00f3 los cr\u00edmenes cometidos por los grupos ilegales en Siria y destac\u00f3 su apoyo a todas las medidas adoptadas por el Gobierno sirio para consolidar la paz civil y mantener la seguridad y la estabilidad. El Ministerio de Asuntos Exteriores de Qatar inform\u00f3 en un comunicado que \u201cel Estado de &hellip;<\/p>\n","protected":false},"author":32,"featured_media":348273,"comment_status":"closed","ping_status":"closed","sticky":false,"template":"","format":"standard","meta":{"footnotes":""},"categories":[597,20724,467,7541],"tags":[],"class_list":["post-348272","post","type-post","status-publish","format-standard","has-post-thumbnail","","category-cinta-de-noticias","category-minuto-a-minuto","category-siria-y-el-mundo","category-ultimas-noticias"],"_links":{"self":[{"href":"https:\/\/archive.sana.sy\/es\/index.php?rest_route=\/wp\/v2\/posts\/348272"}],"collection":[{"href":"https:\/\/archive.sana.sy\/es\/index.php?rest_route=\/wp\/v2\/posts"}],"about":[{"href":"https:\/\/archive.sana.sy\/es\/index.php?rest_route=\/wp\/v2\/types\/post"}],"author":[{"embeddable":true,"href":"https:\/\/archive.sana.sy\/es\/index.php?rest_route=\/wp\/v2\/users\/32"}],"replies":[{"embeddable":true,"href":"https:\/\/archive.sana.sy\/es\/index.php?rest_route=%2Fwp%2Fv2%2Fcomments&post=348272"}],"version-history":[{"count":1,"href":"https:\/\/archive.sana.sy\/es\/index.php?rest_route=\/wp\/v2\/posts\/348272\/revisions"}],"predecessor-version":[{"id":348274,"href":"https:\/\/archive.sana.sy\/es\/index.php?rest_route=\/wp\/v2\/posts\/348272\/revisions\/348274"}],"wp:featuredmedia":[{"embeddable":true,"href":"https:\/\/archive.sana.sy\/es\/index.php?rest_route=\/wp\/v2\/media\/348273"}],"wp:attachment":[{"href":"https:\/\/archive.sana.sy\/es\/index.php?rest_route=%2Fwp%2Fv2%2Fmedia&parent=348272"}],"wp:term":[{"taxonomy":"category","embeddable":true,"href":"https:\/\/archive.sana.sy\/es\/index.php?rest_route=%2Fwp%2Fv2%2Fcategories&post=348272"},{"taxonomy":"post_tag","embeddable":true,"href":"https:\/\/archive.sana.sy\/es\/index.php?rest_route=%2Fwp%2Fv2%2Ftags&post=348272"}],"curies":[{"name":"wp","href":"https:\/\/api.w.org\/{rel}","templated":true}]}}