{"id":348276,"date":"2025-03-08T09:59:47","date_gmt":"2025-03-08T06:59:47","guid":{"rendered":"https:\/\/sana.sy\/es\/?p=348276"},"modified":"2025-03-08T09:59:47","modified_gmt":"2025-03-08T06:59:47","slug":"jordania-condena-intervenciones-extranjeras-que-afectan-seguridad-de-siria","status":"publish","type":"post","link":"https:\/\/archive.sana.sy\/es\/?p=348276","title":{"rendered":"Jordania condena intervenciones extranjeras que afectan seguridad de Siria"},"content":{"rendered":"<p style=\"text-align: justify;\"><strong><span style=\"color: #800000;\">Jordania, 8 mar (SANA)<\/span>\u00a0<\/strong> Jordania conden\u00f3 las intervenciones extranjeras que apuntan contra la seguridad de Siria.<\/p>\n<p style=\"text-align: justify;\">La Agencia de Noticias de Jordania (Petra) cit\u00f3 al portavoz del Ministerio de Asuntos Exteriores de Jordania, Sufian Qudah, diciendo: Jordania condena todos los intentos de intervenciones extranjeras que pretenden socavar la seguridad, la paz y las instituciones de seguridad de la hermana Siria, y tratan de llevarla al caos, la discordia y el conflicto.<\/p>\n<p style=\"text-align: justify;\">Tambi\u00e9n apoya al gobierno sirio en todas las medidas que toma para proteger la seguridad de Siria, la estabilidad y la seguridad de su pueblo, y preservar la ley y la paz civil.<\/p>\n<p style=\"text-align: justify;\">Al-Qudah subray\u00f3 la necesidad de realizar esfuerzos concertados para apoyar a Siria en el proceso de reconstrucci\u00f3n del nuevo Estado sirio sobre las bases que protejan su unidad, seguridad, estabilidad y soberan\u00eda, y preserven los derechos de todos los sirios.<\/p>\n","protected":false},"excerpt":{"rendered":"<p>Jordania, 8 mar (SANA)\u00a0 Jordania conden\u00f3 las intervenciones extranjeras que apuntan contra la seguridad de Siria. La Agencia de Noticias de Jordania (Petra) cit\u00f3 al portavoz del Ministerio de Asuntos Exteriores de Jordania, Sufian Qudah, diciendo: Jordania condena todos los intentos de intervenciones extranjeras que pretenden socavar la seguridad, la paz y las instituciones de &hellip;<\/p>\n","protected":false},"author":32,"featured_media":348277,"comment_status":"closed","ping_status":"closed","sticky":false,"template":"","format":"standard","meta":{"footnotes":""},"categories":[597,20724,467,7541],"tags":[],"class_list":["post-348276","post","type-post","status-publish","format-standard","has-post-thumbnail","","category-cinta-de-noticias","category-minuto-a-minuto","category-siria-y-el-mundo","category-ultimas-noticias"],"_links":{"self":[{"href":"https:\/\/archive.sana.sy\/es\/index.php?rest_route=\/wp\/v2\/posts\/348276"}],"collection":[{"href":"https:\/\/archive.sana.sy\/es\/index.php?rest_route=\/wp\/v2\/posts"}],"about":[{"href":"https:\/\/archive.sana.sy\/es\/index.php?rest_route=\/wp\/v2\/types\/post"}],"author":[{"embeddable":true,"href":"https:\/\/archive.sana.sy\/es\/index.php?rest_route=\/wp\/v2\/users\/32"}],"replies":[{"embeddable":true,"href":"https:\/\/archive.sana.sy\/es\/index.php?rest_route=%2Fwp%2Fv2%2Fcomments&post=348276"}],"version-history":[{"count":1,"href":"https:\/\/archive.sana.sy\/es\/index.php?rest_route=\/wp\/v2\/posts\/348276\/revisions"}],"predecessor-version":[{"id":348278,"href":"https:\/\/archive.sana.sy\/es\/index.php?rest_route=\/wp\/v2\/posts\/348276\/revisions\/348278"}],"wp:featuredmedia":[{"embeddable":true,"href":"https:\/\/archive.sana.sy\/es\/index.php?rest_route=\/wp\/v2\/media\/348277"}],"wp:attachment":[{"href":"https:\/\/archive.sana.sy\/es\/index.php?rest_route=%2Fwp%2Fv2%2Fmedia&parent=348276"}],"wp:term":[{"taxonomy":"category","embeddable":true,"href":"https:\/\/archive.sana.sy\/es\/index.php?rest_route=%2Fwp%2Fv2%2Fcategories&post=348276"},{"taxonomy":"post_tag","embeddable":true,"href":"https:\/\/archive.sana.sy\/es\/index.php?rest_route=%2Fwp%2Fv2%2Ftags&post=348276"}],"curies":[{"name":"wp","href":"https:\/\/api.w.org\/{rel}","templated":true}]}}