{"id":348279,"date":"2025-03-08T10:03:27","date_gmt":"2025-03-08T07:03:27","guid":{"rendered":"https:\/\/sana.sy\/es\/?p=348279"},"modified":"2025-03-08T10:03:27","modified_gmt":"2025-03-08T07:03:27","slug":"emiratos-arabes-unidos-reafirma-apoyo-a-la-estabilidad-y-soberania-de-siria","status":"publish","type":"post","link":"https:\/\/archive.sana.sy\/es\/?p=348279","title":{"rendered":"Emiratos \u00c1rabes Unidos reafirma apoyo a la estabilidad y soberan\u00eda de Siria"},"content":{"rendered":"<p style=\"text-align: justify;\"><span style=\"color: #800000;\"> Abu Dhabi, 8 mar (SANA)<\/span>\u00a0 Emiratos \u00c1rabes Unidos conden\u00f3 los ataques perpetrados por grupos armados en la Rep\u00fablica \u00c1rabe Siria contra las fuerzas de seguridad.<\/p>\n<p style=\"text-align: justify;\">El Ministerio de Asuntos Exteriores de los Emiratos \u00c1rabes Unidos reiter\u00f3 en una declaraci\u00f3n, la firme posici\u00f3n de los Emiratos \u00c1rabes Unidos de apoyo a la estabilidad y soberan\u00eda de Siria sobre todos sus territorios, y respaldar al pueblo sirio y a todos los esfuerzos encaminados a lograr sus aspiraciones de seguridad, paz, estabilidad y una vida digna.<\/p>\n<p>&nbsp;<\/p>\n","protected":false},"excerpt":{"rendered":"<p>Abu Dhabi, 8 mar (SANA)\u00a0 Emiratos \u00c1rabes Unidos conden\u00f3 los ataques perpetrados por grupos armados en la Rep\u00fablica \u00c1rabe Siria contra las fuerzas de seguridad. El Ministerio de Asuntos Exteriores de los Emiratos \u00c1rabes Unidos reiter\u00f3 en una declaraci\u00f3n, la firme posici\u00f3n de los Emiratos \u00c1rabes Unidos de apoyo a la estabilidad y soberan\u00eda de &hellip;<\/p>\n","protected":false},"author":32,"featured_media":348280,"comment_status":"closed","ping_status":"closed","sticky":false,"template":"","format":"standard","meta":{"footnotes":""},"categories":[597,20724,467,7541],"tags":[],"class_list":["post-348279","post","type-post","status-publish","format-standard","has-post-thumbnail","","category-cinta-de-noticias","category-minuto-a-minuto","category-siria-y-el-mundo","category-ultimas-noticias"],"_links":{"self":[{"href":"https:\/\/archive.sana.sy\/es\/index.php?rest_route=\/wp\/v2\/posts\/348279"}],"collection":[{"href":"https:\/\/archive.sana.sy\/es\/index.php?rest_route=\/wp\/v2\/posts"}],"about":[{"href":"https:\/\/archive.sana.sy\/es\/index.php?rest_route=\/wp\/v2\/types\/post"}],"author":[{"embeddable":true,"href":"https:\/\/archive.sana.sy\/es\/index.php?rest_route=\/wp\/v2\/users\/32"}],"replies":[{"embeddable":true,"href":"https:\/\/archive.sana.sy\/es\/index.php?rest_route=%2Fwp%2Fv2%2Fcomments&post=348279"}],"version-history":[{"count":1,"href":"https:\/\/archive.sana.sy\/es\/index.php?rest_route=\/wp\/v2\/posts\/348279\/revisions"}],"predecessor-version":[{"id":348281,"href":"https:\/\/archive.sana.sy\/es\/index.php?rest_route=\/wp\/v2\/posts\/348279\/revisions\/348281"}],"wp:featuredmedia":[{"embeddable":true,"href":"https:\/\/archive.sana.sy\/es\/index.php?rest_route=\/wp\/v2\/media\/348280"}],"wp:attachment":[{"href":"https:\/\/archive.sana.sy\/es\/index.php?rest_route=%2Fwp%2Fv2%2Fmedia&parent=348279"}],"wp:term":[{"taxonomy":"category","embeddable":true,"href":"https:\/\/archive.sana.sy\/es\/index.php?rest_route=%2Fwp%2Fv2%2Fcategories&post=348279"},{"taxonomy":"post_tag","embeddable":true,"href":"https:\/\/archive.sana.sy\/es\/index.php?rest_route=%2Fwp%2Fv2%2Ftags&post=348279"}],"curies":[{"name":"wp","href":"https:\/\/api.w.org\/{rel}","templated":true}]}}