{"id":34828,"date":"2015-12-08T17:15:29","date_gmt":"2015-12-08T15:15:29","guid":{"rendered":"http:\/\/sana.sy\/es\/?p=34828"},"modified":"2015-12-08T17:16:29","modified_gmt":"2015-12-08T15:16:29","slug":"cancilleria-rusa-bogdanov-y-abdollahina-debatieron-situacion-en-siria","status":"publish","type":"post","link":"https:\/\/archive.sana.sy\/es\/?p=34828","title":{"rendered":"Canciller\u00eda rusa: Bogdanov y Abdollahina debatieron situaci\u00f3n en Siria"},"content":{"rendered":"<p><span style=\"color: #800000\">Mosc\u00fa, SANA<\/span><\/p>\n<p>El vicecanciller ruso, Mijael Bogdanov debati\u00f3 este martes con el vicecanciller iran\u00ed, Hossein Amir Abdollahian una bater\u00eda de temas relacionados con las actividades del grupo internacional para el apoyo a Siria que surgi\u00f3 de\u00a0la reuni\u00f3n de Viena.<\/p>\n<p>En un comunicado emitido este martes, la Canciller\u00eda rusa revel\u00f3 que ambas partes examinaron detalladamente durante una conversaci\u00f3n telef\u00f3nica, las actividades del grupo internacional para el apoyo de Siria, destacando la importancia de cumplir los acuerdos alcanzados tras la reuni\u00f3n ministerial del grupo internacional en Viena el 14 del pasado mes de noviembre.<\/p>\n<p>Asimismo, los dos altos pol\u00edticos intercambiaron puntos de vista sobre las perspectivas de la soluci\u00f3n de la crisis en Yemen, especialmente el tema de la elaboraci\u00f3n de un di\u00e1logo interyemen\u00ed en Ginebra bajo el auspicio de la ONU, as\u00ed como el de las elecciones presidenciales en el L\u00edbano.<\/p>\n<p>&nbsp;<br \/>\nLynn A.<\/p>\n","protected":false},"excerpt":{"rendered":"<p>Mosc\u00fa, SANA El vicecanciller ruso, Mijael Bogdanov debati\u00f3 este martes con el vicecanciller iran\u00ed, Hossein Amir Abdollahian una bater\u00eda de temas relacionados con las actividades del grupo internacional para el apoyo a Siria que surgi\u00f3 de\u00a0la reuni\u00f3n de Viena. En un comunicado emitido este martes, la Canciller\u00eda rusa revel\u00f3 que ambas partes examinaron detalladamente durante &hellip;<\/p>\n","protected":false},"author":24,"featured_media":5812,"comment_status":"closed","ping_status":"closed","sticky":false,"template":"","format":"standard","meta":{"footnotes":""},"categories":[456,457,7541],"tags":[],"class_list":["post-34828","post","type-post","status-publish","format-standard","has-post-thumbnail","","category-arabe-internacional-politica","category-noticias-arabe-internacional-politica","category-ultimas-noticias"],"_links":{"self":[{"href":"https:\/\/archive.sana.sy\/es\/index.php?rest_route=\/wp\/v2\/posts\/34828"}],"collection":[{"href":"https:\/\/archive.sana.sy\/es\/index.php?rest_route=\/wp\/v2\/posts"}],"about":[{"href":"https:\/\/archive.sana.sy\/es\/index.php?rest_route=\/wp\/v2\/types\/post"}],"author":[{"embeddable":true,"href":"https:\/\/archive.sana.sy\/es\/index.php?rest_route=\/wp\/v2\/users\/24"}],"replies":[{"embeddable":true,"href":"https:\/\/archive.sana.sy\/es\/index.php?rest_route=%2Fwp%2Fv2%2Fcomments&post=34828"}],"version-history":[{"count":0,"href":"https:\/\/archive.sana.sy\/es\/index.php?rest_route=\/wp\/v2\/posts\/34828\/revisions"}],"wp:featuredmedia":[{"embeddable":true,"href":"https:\/\/archive.sana.sy\/es\/index.php?rest_route=\/wp\/v2\/media\/5812"}],"wp:attachment":[{"href":"https:\/\/archive.sana.sy\/es\/index.php?rest_route=%2Fwp%2Fv2%2Fmedia&parent=34828"}],"wp:term":[{"taxonomy":"category","embeddable":true,"href":"https:\/\/archive.sana.sy\/es\/index.php?rest_route=%2Fwp%2Fv2%2Fcategories&post=34828"},{"taxonomy":"post_tag","embeddable":true,"href":"https:\/\/archive.sana.sy\/es\/index.php?rest_route=%2Fwp%2Fv2%2Ftags&post=34828"}],"curies":[{"name":"wp","href":"https:\/\/api.w.org\/{rel}","templated":true}]}}