{"id":348282,"date":"2025-03-08T10:08:23","date_gmt":"2025-03-08T07:08:23","guid":{"rendered":"https:\/\/sana.sy\/es\/?p=348282"},"modified":"2025-03-08T10:08:23","modified_gmt":"2025-03-08T07:08:23","slug":"presidente-sirio-pronuncia-un-discurso-sobre-los-acontecimientos-en-la-costa-siria","status":"publish","type":"post","link":"https:\/\/archive.sana.sy\/es\/?p=348282","title":{"rendered":"Presidente sirio pronuncia un discurso sobre los acontecimientos en la costa siria"},"content":{"rendered":"<p style=\"text-align: justify;\"><span style=\"color: #800000;\"><strong>\u00a0Damasco, 8 mar (SANA)\u00a0<\/strong> <\/span>El presidente Ahmed Al-Sharaa, dijo hoy que Siria ha avanzado y no dar\u00e1 un solo paso atr\u00e1s y que la misi\u00f3n de todos es preservarla y apoyarla.<\/p>\n<p style=\"text-align: justify;\">En un discurso televisado sobre los recientes acontecimientos en la costa siria, el mandatario dijo que la poblaci\u00f3n en las zonas de conflicto en la regi\u00f3n costera son parte de la responsabilidad del Estado, y es un deber protegerlos y salvarlos de los males de las bandas del depuesto r\u00e9gimen.<\/p>\n<p style=\"text-align: justify;\">Subray\u00f3 que el Estado seguir\u00e1 persiguiendo a los remanentes del r\u00e9gimen y a aquellos que cometieron cr\u00edmenes contra la poblaci\u00f3n y buscan socavar la seguridad y la paz civil, as\u00ed como seguir\u00e1 limitando las armas en manos del Estado.<\/p>\n<p style=\"text-align: justify;\">\u201cAlgunos remanentes del depuesto r\u00e9gimen intentaron poner a prueba a la nueva Siria, que hoy en d\u00eda es un pa\u00eds unificado de este a oeste y de norte a sur, y si una de sus provincias es tocada por una espina, todas las dem\u00e1s provincias se unir\u00e1n para apoyarla, consider\u00f3 Al-Sharaa.<\/p>\n<p style=\"text-align: justify;\">Se dirigi\u00f3 a los remanentes del r\u00e9gimen diciendo que, al atacar a efectivos de seguridad, asaltar a hospitales y aterrorizar a los inocentes, han cometido un gran e imperdonable pecado y han recibido una respuesta que no pueden soportar.<br \/>\nFelicit\u00f3 al ej\u00e9rcito y a las fuerzas de seguridad por su compromiso de proteger y asegurar a los civiles mientras persiguen a los remanentes del r\u00e9gimen y por la rapidez con la que act\u00faan.<\/p>\n<p style=\"text-align: justify;\">\u201cRecalco que no deben permitir que nadie se extralimite o reaccione exageradamente y que deben trabajar para evitarlo, porque lo que nos distingue de nuestro enemigo es nuestro compromiso con nuestros principios, y cuando renunciamos a nuestra moral, pasamnos al mismo nivel del enemigo, y los remanentes del r\u00e9gimen ca\u00eddo buscan una provocaci\u00f3n que conduzca a una transgresi\u00f3n\u201d, se\u00f1al\u00f3 el Presidente.<br \/>\nAgreg\u00f3 que el prisionero no debe ser humillado ni golpeado.<\/p>\n<p style=\"text-align: justify;\">Por otro lado, reafirm\u00f3: \u201cSeguiremos persiguiendo a los remanentes del r\u00e9gimen quienes persisten con su opresi\u00f3n y tiran\u00eda, y a aquellos que cometieron cr\u00edmenes contra el pueblo y a tambi\u00e9n a aquellos que buscan socavar la seguridad y la paz civil. Los llevaremos ante un tribunal justo, al igual que todos aquellos que cometen transgresiones contra civiles indefensos y castigan a personas por los cr\u00edmenes de otros.<\/p>\n<p style=\"text-align: justify;\">Nuestra gente en la costa es parte de nuestra responsabilidad y es nuestro deber protegerlos y salvarlos de los males de las bandas del r\u00e9gimen ca\u00eddo. A pesar de la traici\u00f3n, el Estado seguir\u00e1 siendo garante de la paz civil y no permitir\u00e1 que se viole en absoluto, asegur\u00f3.<\/p>\n<p style=\"text-align: justify;\">Hizo un llamamiento a todas las fuerzas que se han unido a los lugares de combate para que obedezcan plenamente a los comandantes militares y de seguridad all\u00ed presentes y evacuen inmediatamente los lugares para controlar las violaciones que se han producido, de modo que las fuerzas militares y de seguridad puedan completar su trabajo al m\u00e1ximo, concluy\u00f3.<\/p>\n","protected":false},"excerpt":{"rendered":"<p>\u00a0Damasco, 8 mar (SANA)\u00a0 El presidente Ahmed Al-Sharaa, dijo hoy que Siria ha avanzado y no dar\u00e1 un solo paso atr\u00e1s y que la misi\u00f3n de todos es preservarla y apoyarla. En un discurso televisado sobre los recientes acontecimientos en la costa siria, el mandatario dijo que la poblaci\u00f3n en las zonas de conflicto en &hellip;<\/p>\n","protected":false},"author":32,"featured_media":348283,"comment_status":"closed","ping_status":"closed","sticky":false,"template":"","format":"standard","meta":{"footnotes":""},"categories":[597,20724,476,16237,583],"tags":[],"class_list":["post-348282","post","type-post","status-publish","format-standard","has-post-thumbnail","","category-cinta-de-noticias","category-minuto-a-minuto","category-locales","category-presidence-de-la-republique-arabe-syria","category-slide"],"_links":{"self":[{"href":"https:\/\/archive.sana.sy\/es\/index.php?rest_route=\/wp\/v2\/posts\/348282"}],"collection":[{"href":"https:\/\/archive.sana.sy\/es\/index.php?rest_route=\/wp\/v2\/posts"}],"about":[{"href":"https:\/\/archive.sana.sy\/es\/index.php?rest_route=\/wp\/v2\/types\/post"}],"author":[{"embeddable":true,"href":"https:\/\/archive.sana.sy\/es\/index.php?rest_route=\/wp\/v2\/users\/32"}],"replies":[{"embeddable":true,"href":"https:\/\/archive.sana.sy\/es\/index.php?rest_route=%2Fwp%2Fv2%2Fcomments&post=348282"}],"version-history":[{"count":1,"href":"https:\/\/archive.sana.sy\/es\/index.php?rest_route=\/wp\/v2\/posts\/348282\/revisions"}],"predecessor-version":[{"id":348284,"href":"https:\/\/archive.sana.sy\/es\/index.php?rest_route=\/wp\/v2\/posts\/348282\/revisions\/348284"}],"wp:featuredmedia":[{"embeddable":true,"href":"https:\/\/archive.sana.sy\/es\/index.php?rest_route=\/wp\/v2\/media\/348283"}],"wp:attachment":[{"href":"https:\/\/archive.sana.sy\/es\/index.php?rest_route=%2Fwp%2Fv2%2Fmedia&parent=348282"}],"wp:term":[{"taxonomy":"category","embeddable":true,"href":"https:\/\/archive.sana.sy\/es\/index.php?rest_route=%2Fwp%2Fv2%2Fcategories&post=348282"},{"taxonomy":"post_tag","embeddable":true,"href":"https:\/\/archive.sana.sy\/es\/index.php?rest_route=%2Fwp%2Fv2%2Ftags&post=348282"}],"curies":[{"name":"wp","href":"https:\/\/api.w.org\/{rel}","templated":true}]}}