{"id":348285,"date":"2025-03-08T12:22:20","date_gmt":"2025-03-08T09:22:20","guid":{"rendered":"https:\/\/sana.sy\/es\/?p=348285"},"modified":"2025-03-08T12:22:20","modified_gmt":"2025-03-08T09:22:20","slug":"canciller-sirio-participa-en-reunion-extraordinaria-del-consejo-de-ministros-de-asuntos-exteriores-de-la-oci","status":"publish","type":"post","link":"https:\/\/archive.sana.sy\/es\/?p=348285","title":{"rendered":"Canciller sirio participa en reuni\u00f3n extraordinaria del Consejo de Ministros de Asuntos Exteriores de la OCI"},"content":{"rendered":"<p style=\"text-align: justify;\"><span style=\"color: #800000;\">\u00a0Yedah, 8 mar (SANA)<\/span> El ministro de Asuntos Exteriores, Asaad Al-Shaibani, particip\u00f3 en la reuni\u00f3n extraordinaria del Consejo de Ministros de Asuntos Exteriores de los estados miembros de la Organizaci\u00f3n de Cooperaci\u00f3n Isl\u00e1mica (OCI) en la sede de la organizaci\u00f3n en Yedah.<\/p>\n<p style=\"text-align: justify;\">En este sentido, el canciller Al-Shaibani, se reuni\u00f3 con su hom\u00f3logo indonesio, Sugiyono.<\/p>\n<p style=\"text-align: justify;\">\u201cTras reactivar la membres\u00eda de Siria en la Liga \u00c1rabe y participar en la cumbre extraordinaria en Egipto, hoy devolvemos la membres\u00eda de Siria en la Organizaci\u00f3n de Cooperaci\u00f3n Isl\u00e1mica en la reuni\u00f3n ministerial de emergencia, celebrada en la sede de la organizaci\u00f3n en Yedah\u201d, dijo Al-Shaibani en su cuenta de X.<\/p>\n<div id='gallery-1' class='gallery galleryid-348285 gallery-columns-1 gallery-size-full'><figure class='gallery-item'>\n\t\t\t<div class='gallery-icon landscape'>\n\t\t\t\t<a href='https:\/\/archive.sana.sy\/es\/wp-content\/uploads\/2025\/03\/INDO.jpg'><img loading=\"lazy\" decoding=\"async\" width=\"660\" height=\"371\" src=\"https:\/\/archive.sana.sy\/es\/wp-content\/uploads\/2025\/03\/INDO.jpg\" class=\"attachment-full size-full\" alt=\"\" srcset=\"https:\/\/archive.sana.sy\/es\/wp-content\/uploads\/2025\/03\/INDO.jpg 660w, https:\/\/archive.sana.sy\/es\/wp-content\/uploads\/2025\/03\/INDO-300x169.jpg 300w, https:\/\/archive.sana.sy\/es\/wp-content\/uploads\/2025\/03\/INDO-150x84.jpg 150w\" sizes=\"(max-width: 660px) 100vw, 660px\" \/><\/a>\n\t\t\t<\/div><\/figure><figure class='gallery-item'>\n\t\t\t<div class='gallery-icon landscape'>\n\t\t\t\t<a href='https:\/\/archive.sana.sy\/es\/wp-content\/uploads\/2025\/03\/IND.jpg'><img loading=\"lazy\" decoding=\"async\" width=\"660\" height=\"371\" src=\"https:\/\/archive.sana.sy\/es\/wp-content\/uploads\/2025\/03\/IND.jpg\" class=\"attachment-full size-full\" alt=\"\" srcset=\"https:\/\/archive.sana.sy\/es\/wp-content\/uploads\/2025\/03\/IND.jpg 660w, https:\/\/archive.sana.sy\/es\/wp-content\/uploads\/2025\/03\/IND-300x169.jpg 300w, https:\/\/archive.sana.sy\/es\/wp-content\/uploads\/2025\/03\/IND-150x84.jpg 150w\" sizes=\"(max-width: 660px) 100vw, 660px\" \/><\/a>\n\t\t\t<\/div><\/figure>\n\t\t<\/div>\n\n","protected":false},"excerpt":{"rendered":"<p>\u00a0Yedah, 8 mar (SANA) El ministro de Asuntos Exteriores, Asaad Al-Shaibani, particip\u00f3 en la reuni\u00f3n extraordinaria del Consejo de Ministros de Asuntos Exteriores de los estados miembros de la Organizaci\u00f3n de Cooperaci\u00f3n Isl\u00e1mica (OCI) en la sede de la organizaci\u00f3n en Yedah. En este sentido, el canciller Al-Shaibani, se reuni\u00f3 con su hom\u00f3logo indonesio, Sugiyono. &hellip;<\/p>\n","protected":false},"author":32,"featured_media":348286,"comment_status":"closed","ping_status":"closed","sticky":false,"template":"","format":"standard","meta":{"footnotes":""},"categories":[597,20724,467,7541],"tags":[],"class_list":["post-348285","post","type-post","status-publish","format-standard","has-post-thumbnail","","category-cinta-de-noticias","category-minuto-a-minuto","category-siria-y-el-mundo","category-ultimas-noticias"],"_links":{"self":[{"href":"https:\/\/archive.sana.sy\/es\/index.php?rest_route=\/wp\/v2\/posts\/348285"}],"collection":[{"href":"https:\/\/archive.sana.sy\/es\/index.php?rest_route=\/wp\/v2\/posts"}],"about":[{"href":"https:\/\/archive.sana.sy\/es\/index.php?rest_route=\/wp\/v2\/types\/post"}],"author":[{"embeddable":true,"href":"https:\/\/archive.sana.sy\/es\/index.php?rest_route=\/wp\/v2\/users\/32"}],"replies":[{"embeddable":true,"href":"https:\/\/archive.sana.sy\/es\/index.php?rest_route=%2Fwp%2Fv2%2Fcomments&post=348285"}],"version-history":[{"count":1,"href":"https:\/\/archive.sana.sy\/es\/index.php?rest_route=\/wp\/v2\/posts\/348285\/revisions"}],"predecessor-version":[{"id":348289,"href":"https:\/\/archive.sana.sy\/es\/index.php?rest_route=\/wp\/v2\/posts\/348285\/revisions\/348289"}],"wp:featuredmedia":[{"embeddable":true,"href":"https:\/\/archive.sana.sy\/es\/index.php?rest_route=\/wp\/v2\/media\/348286"}],"wp:attachment":[{"href":"https:\/\/archive.sana.sy\/es\/index.php?rest_route=%2Fwp%2Fv2%2Fmedia&parent=348285"}],"wp:term":[{"taxonomy":"category","embeddable":true,"href":"https:\/\/archive.sana.sy\/es\/index.php?rest_route=%2Fwp%2Fv2%2Fcategories&post=348285"},{"taxonomy":"post_tag","embeddable":true,"href":"https:\/\/archive.sana.sy\/es\/index.php?rest_route=%2Fwp%2Fv2%2Ftags&post=348285"}],"curies":[{"name":"wp","href":"https:\/\/api.w.org\/{rel}","templated":true}]}}