{"id":348290,"date":"2025-03-08T12:27:39","date_gmt":"2025-03-08T09:27:39","guid":{"rendered":"https:\/\/sana.sy\/es\/?p=348290"},"modified":"2025-03-08T12:27:39","modified_gmt":"2025-03-08T09:27:39","slug":"kuwait-afirma-su-apoyo-a-siria-para-mantener-su-seguridad-y-estabilidad","status":"publish","type":"post","link":"https:\/\/archive.sana.sy\/es\/?p=348290","title":{"rendered":"Kuwait afirma su apoyo a Siria para mantener su seguridad y estabilidad"},"content":{"rendered":"<p style=\"text-align: justify;\"><span style=\"color: #800000;\">Kuwait, 8 mar (SANA)<\/span> El Ministerio de Asuntos Exteriores de Kuwait conden\u00f3 en\u00e9rgicamente los cr\u00edmenes cometidos por grupos armados en la Rep\u00fablica \u00c1rabe Siria, que han tenido como blanco a las fuerzas de seguridad y las instituciones gubernamentales.<\/p>\n<p style=\"text-align: justify;\">La Agencia de Noticias de Kuwait cit\u00f3 al Ministerio, diciendo que \u201cKuwait est\u00e1 el lado de Siria y apoya todos los esfuerzos y medidas del gobierno sirio para mantener su seguridad y estabilidad nacionales\u201d.<\/p>\n","protected":false},"excerpt":{"rendered":"<p>Kuwait, 8 mar (SANA) El Ministerio de Asuntos Exteriores de Kuwait conden\u00f3 en\u00e9rgicamente los cr\u00edmenes cometidos por grupos armados en la Rep\u00fablica \u00c1rabe Siria, que han tenido como blanco a las fuerzas de seguridad y las instituciones gubernamentales. La Agencia de Noticias de Kuwait cit\u00f3 al Ministerio, diciendo que \u201cKuwait est\u00e1 el lado de Siria &hellip;<\/p>\n","protected":false},"author":32,"featured_media":348291,"comment_status":"closed","ping_status":"closed","sticky":false,"template":"","format":"standard","meta":{"footnotes":""},"categories":[597,467,7541],"tags":[],"class_list":["post-348290","post","type-post","status-publish","format-standard","has-post-thumbnail","","category-cinta-de-noticias","category-siria-y-el-mundo","category-ultimas-noticias"],"_links":{"self":[{"href":"https:\/\/archive.sana.sy\/es\/index.php?rest_route=\/wp\/v2\/posts\/348290"}],"collection":[{"href":"https:\/\/archive.sana.sy\/es\/index.php?rest_route=\/wp\/v2\/posts"}],"about":[{"href":"https:\/\/archive.sana.sy\/es\/index.php?rest_route=\/wp\/v2\/types\/post"}],"author":[{"embeddable":true,"href":"https:\/\/archive.sana.sy\/es\/index.php?rest_route=\/wp\/v2\/users\/32"}],"replies":[{"embeddable":true,"href":"https:\/\/archive.sana.sy\/es\/index.php?rest_route=%2Fwp%2Fv2%2Fcomments&post=348290"}],"version-history":[{"count":1,"href":"https:\/\/archive.sana.sy\/es\/index.php?rest_route=\/wp\/v2\/posts\/348290\/revisions"}],"predecessor-version":[{"id":348292,"href":"https:\/\/archive.sana.sy\/es\/index.php?rest_route=\/wp\/v2\/posts\/348290\/revisions\/348292"}],"wp:featuredmedia":[{"embeddable":true,"href":"https:\/\/archive.sana.sy\/es\/index.php?rest_route=\/wp\/v2\/media\/348291"}],"wp:attachment":[{"href":"https:\/\/archive.sana.sy\/es\/index.php?rest_route=%2Fwp%2Fv2%2Fmedia&parent=348290"}],"wp:term":[{"taxonomy":"category","embeddable":true,"href":"https:\/\/archive.sana.sy\/es\/index.php?rest_route=%2Fwp%2Fv2%2Fcategories&post=348290"},{"taxonomy":"post_tag","embeddable":true,"href":"https:\/\/archive.sana.sy\/es\/index.php?rest_route=%2Fwp%2Fv2%2Ftags&post=348290"}],"curies":[{"name":"wp","href":"https:\/\/api.w.org\/{rel}","templated":true}]}}