{"id":348293,"date":"2025-03-08T12:45:16","date_gmt":"2025-03-08T09:45:16","guid":{"rendered":"https:\/\/sana.sy\/es\/?p=348293"},"modified":"2025-03-08T13:00:50","modified_gmt":"2025-03-08T10:00:50","slug":"delegado-de-turquia-ante-la-onu-pide-al-consejo-de-seguridad-que-tome-medidas-decisivas-contra-las-acciones-expansionistas-de-israel-en-siria","status":"publish","type":"post","link":"https:\/\/archive.sana.sy\/es\/?p=348293","title":{"rendered":"Delegado de Turqu\u00eda ante la ONU pide al Consejo de Seguridad que tome medidas decisivas contra las acciones expansionistas de Israel en Siria"},"content":{"rendered":"<p style=\"text-align: justify;\"><span style=\"color: #800000;\">\u00a0Nueva York, 8 mar (SANA)<\/span> El representante permanente de Turqu\u00eda ante las Naciones Unidas, embajador Ahmet Yildiz, pidi\u00f3 al Consejo de Seguridad de la ONU que tome medidas inmediatas y decisivas contra las acciones expansionistas y desestabilizadoras de Israel en Siria.<\/p>\n<p style=\"text-align: justify;\">\u201cCondenamos la actual incursi\u00f3n militar israel\u00ed en territorio sirio y pedimos al Consejo de Seguridad que adopte medidas inmediatas y decisivas contra las acciones expansionistas y desestabilizadoras de Israel\u201d, dijo el embajador Yildiz, citado por la Agencia Anadolu, durante una sesi\u00f3n del Consejo de Seguridad de la ONU sobre armas qu\u00edmicas en Siria.<\/p>\n<p style=\"text-align: justify;\">Se\u00f1al\u00f3 que estas acciones plantean obst\u00e1culos para estabilizar la situaci\u00f3n en Siria.<\/p>\n<p style=\"text-align: justify;\">Por otra parte, Yildiz expres\u00f3 su satisfacci\u00f3n por la cooperaci\u00f3n de Siria con la Organizaci\u00f3n para la Prohibici\u00f3n de las Armas Qu\u00edmicas para eliminar completamente las armas qu\u00edmicas de la regi\u00f3n.<\/p>\n","protected":false},"excerpt":{"rendered":"<p>\u00a0Nueva York, 8 mar (SANA) El representante permanente de Turqu\u00eda ante las Naciones Unidas, embajador Ahmet Yildiz, pidi\u00f3 al Consejo de Seguridad de la ONU que tome medidas inmediatas y decisivas contra las acciones expansionistas y desestabilizadoras de Israel en Siria. \u201cCondenamos la actual incursi\u00f3n militar israel\u00ed en territorio sirio y pedimos al Consejo de &hellip;<\/p>\n","protected":false},"author":32,"featured_media":348294,"comment_status":"closed","ping_status":"closed","sticky":false,"template":"","format":"standard","meta":{"footnotes":""},"categories":[597,467,7541],"tags":[],"class_list":["post-348293","post","type-post","status-publish","format-standard","has-post-thumbnail","","category-cinta-de-noticias","category-siria-y-el-mundo","category-ultimas-noticias"],"_links":{"self":[{"href":"https:\/\/archive.sana.sy\/es\/index.php?rest_route=\/wp\/v2\/posts\/348293"}],"collection":[{"href":"https:\/\/archive.sana.sy\/es\/index.php?rest_route=\/wp\/v2\/posts"}],"about":[{"href":"https:\/\/archive.sana.sy\/es\/index.php?rest_route=\/wp\/v2\/types\/post"}],"author":[{"embeddable":true,"href":"https:\/\/archive.sana.sy\/es\/index.php?rest_route=\/wp\/v2\/users\/32"}],"replies":[{"embeddable":true,"href":"https:\/\/archive.sana.sy\/es\/index.php?rest_route=%2Fwp%2Fv2%2Fcomments&post=348293"}],"version-history":[{"count":2,"href":"https:\/\/archive.sana.sy\/es\/index.php?rest_route=\/wp\/v2\/posts\/348293\/revisions"}],"predecessor-version":[{"id":348296,"href":"https:\/\/archive.sana.sy\/es\/index.php?rest_route=\/wp\/v2\/posts\/348293\/revisions\/348296"}],"wp:featuredmedia":[{"embeddable":true,"href":"https:\/\/archive.sana.sy\/es\/index.php?rest_route=\/wp\/v2\/media\/348294"}],"wp:attachment":[{"href":"https:\/\/archive.sana.sy\/es\/index.php?rest_route=%2Fwp%2Fv2%2Fmedia&parent=348293"}],"wp:term":[{"taxonomy":"category","embeddable":true,"href":"https:\/\/archive.sana.sy\/es\/index.php?rest_route=%2Fwp%2Fv2%2Fcategories&post=348293"},{"taxonomy":"post_tag","embeddable":true,"href":"https:\/\/archive.sana.sy\/es\/index.php?rest_route=%2Fwp%2Fv2%2Ftags&post=348293"}],"curies":[{"name":"wp","href":"https:\/\/api.w.org\/{rel}","templated":true}]}}