{"id":34831,"date":"2015-12-08T17:44:18","date_gmt":"2015-12-08T15:44:18","guid":{"rendered":"http:\/\/sana.sy\/es\/?p=34831"},"modified":"2015-12-08T17:44:18","modified_gmt":"2015-12-08T15:44:18","slug":"gabinete-denuncia-agresion-cometida-por-coalicion-internacional-contra-un-cuartel-castrense-sirio-en-deir-ezzor","status":"publish","type":"post","link":"https:\/\/archive.sana.sy\/es\/?p=34831","title":{"rendered":"Gabinete denuncia agresi\u00f3n cometida por Coalici\u00f3n Internacional contra un cuartel castrense sirio en Deir Ezzor"},"content":{"rendered":"<p><span style=\"color: #800000\">Damasco, SANA<\/span><\/p>\n<p>El Gabinete abord\u00f3 durante su sesi\u00f3n semanal sostenida este martes varios temas econ\u00f3micos y de servicio, entre los mismos la situaci\u00f3n del agua potable en la capital y los medios adoptados para garantizar la estabilidad de la moneda nacional.<\/p>\n<p>El Gabinete denunci\u00f3 rotundamente la agresi\u00f3n cometida por los cazas de la Coalici\u00f3n Internacional anti EI contra un cuartel del ej\u00e9rcito sirio en la provincia nororiental de Deir Ezzor.<\/p>\n<p>En este contexto, el Primer Ministro, Wael al-Halqui tach\u00f3 esta agresi\u00f3n de una acci\u00f3n obstaculizadora de los esfuerzos antiterrorsitas. \u201cSin embargo no lograr\u00e1 impedir a nuestro ej\u00e9rcito seguir su batalla contra los grupos terroristas\u201d, asever\u00f3.<\/p>\n<p>Asimismo, el Consejo de Ministros conden\u00f3 las injustas medidas tomadas por el operador de sat\u00e9lites Arabsat contra los canales de Al-Manar y al-Mayadeen, recalcando que esta actitud es un intento fracasado para \u201ccallar la voz de la resistencia honesta\u201d.<\/p>\n<p>Por otra parte, al-Halqui aludi\u00f3 a las dificultades que enfrentan la Aerol\u00ednea \u00c1rabe Siria debido al injusto bloqueo econ\u00f3mico impuesto sobre el pa\u00eds, lo cual dej\u00f3 a esta compa\u00f1\u00eda incapaz de importar los repuestos y garantizar obras de mantenimiento para sus aeronaves.<\/p>\n<p>Y con motivo del D\u00eda Internacional para las Personas con Discapacidades, el jefe del Gobierno aludi\u00f3 al inter\u00e9s especial concedido por el presidente Bashar al-Assad a esta clase a fin de reintegrarla en la sociedad mediante garantizar todas sus necesidades, tales como los pr\u00f3tesis y la atenci\u00f3n psicof\u00edsica.<\/p>\n<p>&nbsp;<\/p>\n<p>&nbsp;<\/p>\n<p>Lynn A.<\/p>\n","protected":false},"excerpt":{"rendered":"<p>Damasco, SANA El Gabinete abord\u00f3 durante su sesi\u00f3n semanal sostenida este martes varios temas econ\u00f3micos y de servicio, entre los mismos la situaci\u00f3n del agua potable en la capital y los medios adoptados para garantizar la estabilidad de la moneda nacional. El Gabinete denunci\u00f3 rotundamente la agresi\u00f3n cometida por los cazas de la Coalici\u00f3n Internacional &hellip;<\/p>\n","protected":false},"author":24,"featured_media":28136,"comment_status":"closed","ping_status":"closed","sticky":false,"template":"","format":"standard","meta":{"footnotes":""},"categories":[477,476,7541],"tags":[],"class_list":["post-34831","post","type-post","status-publish","format-standard","has-post-thumbnail","","category-noticias-edulcorantes","category-locales","category-ultimas-noticias"],"_links":{"self":[{"href":"https:\/\/archive.sana.sy\/es\/index.php?rest_route=\/wp\/v2\/posts\/34831"}],"collection":[{"href":"https:\/\/archive.sana.sy\/es\/index.php?rest_route=\/wp\/v2\/posts"}],"about":[{"href":"https:\/\/archive.sana.sy\/es\/index.php?rest_route=\/wp\/v2\/types\/post"}],"author":[{"embeddable":true,"href":"https:\/\/archive.sana.sy\/es\/index.php?rest_route=\/wp\/v2\/users\/24"}],"replies":[{"embeddable":true,"href":"https:\/\/archive.sana.sy\/es\/index.php?rest_route=%2Fwp%2Fv2%2Fcomments&post=34831"}],"version-history":[{"count":0,"href":"https:\/\/archive.sana.sy\/es\/index.php?rest_route=\/wp\/v2\/posts\/34831\/revisions"}],"wp:featuredmedia":[{"embeddable":true,"href":"https:\/\/archive.sana.sy\/es\/index.php?rest_route=\/wp\/v2\/media\/28136"}],"wp:attachment":[{"href":"https:\/\/archive.sana.sy\/es\/index.php?rest_route=%2Fwp%2Fv2%2Fmedia&parent=34831"}],"wp:term":[{"taxonomy":"category","embeddable":true,"href":"https:\/\/archive.sana.sy\/es\/index.php?rest_route=%2Fwp%2Fv2%2Fcategories&post=34831"},{"taxonomy":"post_tag","embeddable":true,"href":"https:\/\/archive.sana.sy\/es\/index.php?rest_route=%2Fwp%2Fv2%2Ftags&post=34831"}],"curies":[{"name":"wp","href":"https:\/\/api.w.org\/{rel}","templated":true}]}}