{"id":348311,"date":"2025-03-08T17:38:21","date_gmt":"2025-03-08T14:38:21","guid":{"rendered":"https:\/\/sana.sy\/es\/?p=348311"},"modified":"2025-03-08T17:38:21","modified_gmt":"2025-03-08T14:38:21","slug":"liga-arabe-condena-la-violencia-y-los-ataques-contra-las-fuerzas-de-seguridad-en-siria","status":"publish","type":"post","link":"https:\/\/archive.sana.sy\/es\/?p=348311","title":{"rendered":"Liga \u00c1rabe condena la violencia y los ataques contra las Fuerzas de Seguridad en Siria"},"content":{"rendered":"<p style=\"text-align: justify;\"><span style=\"color: #800000;\"><strong>El Cairo, 08 mar (SANA)\u00a0<\/strong> <\/span>La Secretar\u00eda General de la Liga de los Estados \u00c1rabes conden\u00f3 hoy los actos de violencia y los ataques contra las Fuerzas de Seguridad del gobierno en Siria.<\/p>\n<p style=\"text-align: justify;\">\u201cLa Secretar\u00eda General expresa su condena de tales actos, los ataques contra las fuerzas de seguridad del gobierno y los asesinatos incontrolados, as\u00ed como su condena de cualquier intervenci\u00f3n extranjera destinada a escalar la situaci\u00f3n interna, amenazar la paz civil y exacerbar los desaf\u00edos que enfrenta Siria en la etapa actual\u201d, cit\u00f3 el portal informativo egipcio \u201cAl-Ahram Gate\u201d a la Secretar\u00eda.<\/p>\n<p style=\"text-align: justify;\">Agreg\u00f3 que sigue con gran preocupaci\u00f3n la evoluci\u00f3n de la situaci\u00f3n de seguridad en la regi\u00f3n costera de Siria y los enfrentamientos que tuvieron lugar all\u00ed.<\/p>\n<p style=\"text-align: justify;\">Subray\u00f3 que estas condiciones requieren centrarse en pol\u00edticas y medidas que mejoren y fortalezcan la estabilidad y la paz civil para frustrar cualquier plan que busque desestabilizar a Siria y socavar sus posibilidades de recuperaci\u00f3n.<\/p>\n","protected":false},"excerpt":{"rendered":"<p>El Cairo, 08 mar (SANA)\u00a0 La Secretar\u00eda General de la Liga de los Estados \u00c1rabes conden\u00f3 hoy los actos de violencia y los ataques contra las Fuerzas de Seguridad del gobierno en Siria. \u201cLa Secretar\u00eda General expresa su condena de tales actos, los ataques contra las fuerzas de seguridad del gobierno y los asesinatos incontrolados, &hellip;<\/p>\n","protected":false},"author":31,"featured_media":348312,"comment_status":"closed","ping_status":"closed","sticky":false,"template":"","format":"standard","meta":{"footnotes":""},"categories":[597,467,7541],"tags":[],"class_list":["post-348311","post","type-post","status-publish","format-standard","has-post-thumbnail","","category-cinta-de-noticias","category-siria-y-el-mundo","category-ultimas-noticias"],"_links":{"self":[{"href":"https:\/\/archive.sana.sy\/es\/index.php?rest_route=\/wp\/v2\/posts\/348311"}],"collection":[{"href":"https:\/\/archive.sana.sy\/es\/index.php?rest_route=\/wp\/v2\/posts"}],"about":[{"href":"https:\/\/archive.sana.sy\/es\/index.php?rest_route=\/wp\/v2\/types\/post"}],"author":[{"embeddable":true,"href":"https:\/\/archive.sana.sy\/es\/index.php?rest_route=\/wp\/v2\/users\/31"}],"replies":[{"embeddable":true,"href":"https:\/\/archive.sana.sy\/es\/index.php?rest_route=%2Fwp%2Fv2%2Fcomments&post=348311"}],"version-history":[{"count":1,"href":"https:\/\/archive.sana.sy\/es\/index.php?rest_route=\/wp\/v2\/posts\/348311\/revisions"}],"predecessor-version":[{"id":348313,"href":"https:\/\/archive.sana.sy\/es\/index.php?rest_route=\/wp\/v2\/posts\/348311\/revisions\/348313"}],"wp:featuredmedia":[{"embeddable":true,"href":"https:\/\/archive.sana.sy\/es\/index.php?rest_route=\/wp\/v2\/media\/348312"}],"wp:attachment":[{"href":"https:\/\/archive.sana.sy\/es\/index.php?rest_route=%2Fwp%2Fv2%2Fmedia&parent=348311"}],"wp:term":[{"taxonomy":"category","embeddable":true,"href":"https:\/\/archive.sana.sy\/es\/index.php?rest_route=%2Fwp%2Fv2%2Fcategories&post=348311"},{"taxonomy":"post_tag","embeddable":true,"href":"https:\/\/archive.sana.sy\/es\/index.php?rest_route=%2Fwp%2Fv2%2Ftags&post=348311"}],"curies":[{"name":"wp","href":"https:\/\/api.w.org\/{rel}","templated":true}]}}