{"id":34833,"date":"2015-12-08T18:01:58","date_gmt":"2015-12-08T16:01:58","guid":{"rendered":"http:\/\/sana.sy\/es\/?p=34833"},"modified":"2015-12-08T18:01:58","modified_gmt":"2015-12-08T16:01:58","slug":"moscu-expresa-suma-preocupacion-por-el-bombardeo-de-un-puesto-del-ejercito-sirio-por-coalicion-anit-ei","status":"publish","type":"post","link":"https:\/\/archive.sana.sy\/es\/?p=34833","title":{"rendered":"Mosc\u00fa expresa suma preocupaci\u00f3n por el bombardeo de un puesto del ej\u00e9rcito sirio por Coalici\u00f3n anit EI"},"content":{"rendered":"<p><span style=\"color: #800000\">Mosc\u00fa, SANA<\/span><\/p>\n<p>La Canciller\u00eda rusa expres\u00f3 en un comunicado emitido este martes su suma preocupaci\u00f3n por el ataque a\u00e9reo llevado a cabo por los aviones de la Coalici\u00f3n Internacional anti Estado Isl\u00e1mico, orquestada por EEUU el 6 del mes en curso contra uno de los puestos del ej\u00e9rcito sirio en Deir Ezzor, as\u00ed como por las consecuencias de esta redada contra err\u00f3neos objetivos cerca de la localidad de al-Khan en la provincia de al-Hassakeh.<\/p>\n<p>\u201cEstos incidentes indican al recrudecimiento de la situaci\u00f3n en materia de\u00a0la lucha contra Daesh en Siria e Irak\u201d, subray\u00f3 la Canciller\u00eda.<\/p>\n<p>En este contexto, destac\u00f3 que Mosc\u00fa considera que el origen de todos los problemas actuales reside en la violaci\u00f3n de uno de los principios b\u00e1sicos del derecho internacional, que es el respeto de la soberan\u00eda de los Estados, reiterando que una lucha eficiente contra el terrorismo no se alcanza sin la coordinaci\u00f3n con los gobiernos de los pa\u00edses donde operan los terroristas.<\/p>\n<p>&nbsp;<br \/>\nLynn A-<\/p>\n","protected":false},"excerpt":{"rendered":"<p>Mosc\u00fa, SANA La Canciller\u00eda rusa expres\u00f3 en un comunicado emitido este martes su suma preocupaci\u00f3n por el ataque a\u00e9reo llevado a cabo por los aviones de la Coalici\u00f3n Internacional anti Estado Isl\u00e1mico, orquestada por EEUU el 6 del mes en curso contra uno de los puestos del ej\u00e9rcito sirio en Deir Ezzor, as\u00ed como por &hellip;<\/p>\n","protected":false},"author":24,"featured_media":29107,"comment_status":"closed","ping_status":"closed","sticky":false,"template":"","format":"standard","meta":{"footnotes":""},"categories":[456,457,7541],"tags":[],"class_list":["post-34833","post","type-post","status-publish","format-standard","has-post-thumbnail","","category-arabe-internacional-politica","category-noticias-arabe-internacional-politica","category-ultimas-noticias"],"_links":{"self":[{"href":"https:\/\/archive.sana.sy\/es\/index.php?rest_route=\/wp\/v2\/posts\/34833"}],"collection":[{"href":"https:\/\/archive.sana.sy\/es\/index.php?rest_route=\/wp\/v2\/posts"}],"about":[{"href":"https:\/\/archive.sana.sy\/es\/index.php?rest_route=\/wp\/v2\/types\/post"}],"author":[{"embeddable":true,"href":"https:\/\/archive.sana.sy\/es\/index.php?rest_route=\/wp\/v2\/users\/24"}],"replies":[{"embeddable":true,"href":"https:\/\/archive.sana.sy\/es\/index.php?rest_route=%2Fwp%2Fv2%2Fcomments&post=34833"}],"version-history":[{"count":0,"href":"https:\/\/archive.sana.sy\/es\/index.php?rest_route=\/wp\/v2\/posts\/34833\/revisions"}],"wp:featuredmedia":[{"embeddable":true,"href":"https:\/\/archive.sana.sy\/es\/index.php?rest_route=\/wp\/v2\/media\/29107"}],"wp:attachment":[{"href":"https:\/\/archive.sana.sy\/es\/index.php?rest_route=%2Fwp%2Fv2%2Fmedia&parent=34833"}],"wp:term":[{"taxonomy":"category","embeddable":true,"href":"https:\/\/archive.sana.sy\/es\/index.php?rest_route=%2Fwp%2Fv2%2Fcategories&post=34833"},{"taxonomy":"post_tag","embeddable":true,"href":"https:\/\/archive.sana.sy\/es\/index.php?rest_route=%2Fwp%2Fv2%2Ftags&post=34833"}],"curies":[{"name":"wp","href":"https:\/\/api.w.org\/{rel}","templated":true}]}}