{"id":348334,"date":"2025-03-09T18:04:43","date_gmt":"2025-03-09T15:04:43","guid":{"rendered":"https:\/\/sana.sy\/es\/?p=348334"},"modified":"2025-03-09T19:48:34","modified_gmt":"2025-03-09T16:48:34","slug":"crean-comite-para-investigar-los-sucesos-ocurridos-en-la-costa-siria","status":"publish","type":"post","link":"https:\/\/archive.sana.sy\/es\/?p=348334","title":{"rendered":"Crean comit\u00e9 para investigar los sucesos ocurridos en la costa siria"},"content":{"rendered":"<p style=\"text-align: justify;\"><span style=\"color: #800000;\"><strong>Damasco, 9 mar (SANA)\u00a0<\/strong><\/span> El presidente sirio Ahmed Al-Sharaa, emiti\u00f3 una decisi\u00f3n que estipula la creaci\u00f3n de un comit\u00e9 nacional independiente para investigar los sucesos ocurridos en la costa siria el 6 de marzo de 2025.<\/p>\n<p style=\"text-align: justify;\">La misi\u00f3n del comit\u00e9 es esclarecer las causas y circunstancias de los incidentes, investigar las violaciones contra civiles e instituciones p\u00fablicas, e identificar a los responsables de los ataques.<\/p>\n","protected":false},"excerpt":{"rendered":"<p>Damasco, 9 mar (SANA)\u00a0 El presidente sirio Ahmed Al-Sharaa, emiti\u00f3 una decisi\u00f3n que estipula la creaci\u00f3n de un comit\u00e9 nacional independiente para investigar los sucesos ocurridos en la costa siria el 6 de marzo de 2025. La misi\u00f3n del comit\u00e9 es esclarecer las causas y circunstancias de los incidentes, investigar las violaciones contra civiles e &hellip;<\/p>\n","protected":false},"author":31,"featured_media":348338,"comment_status":"closed","ping_status":"closed","sticky":false,"template":"","format":"standard","meta":{"footnotes":""},"categories":[597,476,583],"tags":[],"class_list":["post-348334","post","type-post","status-publish","format-standard","has-post-thumbnail","","category-cinta-de-noticias","category-locales","category-slide"],"_links":{"self":[{"href":"https:\/\/archive.sana.sy\/es\/index.php?rest_route=\/wp\/v2\/posts\/348334"}],"collection":[{"href":"https:\/\/archive.sana.sy\/es\/index.php?rest_route=\/wp\/v2\/posts"}],"about":[{"href":"https:\/\/archive.sana.sy\/es\/index.php?rest_route=\/wp\/v2\/types\/post"}],"author":[{"embeddable":true,"href":"https:\/\/archive.sana.sy\/es\/index.php?rest_route=\/wp\/v2\/users\/31"}],"replies":[{"embeddable":true,"href":"https:\/\/archive.sana.sy\/es\/index.php?rest_route=%2Fwp%2Fv2%2Fcomments&post=348334"}],"version-history":[{"count":1,"href":"https:\/\/archive.sana.sy\/es\/index.php?rest_route=\/wp\/v2\/posts\/348334\/revisions"}],"predecessor-version":[{"id":348336,"href":"https:\/\/archive.sana.sy\/es\/index.php?rest_route=\/wp\/v2\/posts\/348334\/revisions\/348336"}],"wp:featuredmedia":[{"embeddable":true,"href":"https:\/\/archive.sana.sy\/es\/index.php?rest_route=\/wp\/v2\/media\/348338"}],"wp:attachment":[{"href":"https:\/\/archive.sana.sy\/es\/index.php?rest_route=%2Fwp%2Fv2%2Fmedia&parent=348334"}],"wp:term":[{"taxonomy":"category","embeddable":true,"href":"https:\/\/archive.sana.sy\/es\/index.php?rest_route=%2Fwp%2Fv2%2Fcategories&post=348334"},{"taxonomy":"post_tag","embeddable":true,"href":"https:\/\/archive.sana.sy\/es\/index.php?rest_route=%2Fwp%2Fv2%2Ftags&post=348334"}],"curies":[{"name":"wp","href":"https:\/\/api.w.org\/{rel}","templated":true}]}}