{"id":348339,"date":"2025-03-09T18:46:08","date_gmt":"2025-03-09T15:46:08","guid":{"rendered":"https:\/\/sana.sy\/es\/?p=348339"},"modified":"2025-03-09T18:46:08","modified_gmt":"2025-03-09T15:46:08","slug":"siria-saluda-flexibilizacion-de-las-sanciones-por-parte-de-las-autoridades-suizas","status":"publish","type":"post","link":"https:\/\/archive.sana.sy\/es\/?p=348339","title":{"rendered":"Siria saluda flexibilizaci\u00f3n de las sanciones por parte de las autoridades suizas"},"content":{"rendered":"<p style=\"text-align: justify;\"><span style=\"color: #800000;\"><strong>Damasco, 9 mar (SANA)\u00a0<\/strong><\/span> El Ministerio de Asuntos Exteriores y Expatriados acogi\u00f3 con satisfacci\u00f3n la decisi\u00f3n del Consejo Federal Suizo de levantar algunas sanciones impuestas a los sectores de energ\u00eda y transporte en Siria, adem\u00e1s de permitir servicios financieros y relaciones bancarias limitadas.<\/p>\n<p style=\"text-align: justify;\">Destac\u00f3 que tal medida representa un paso en la direcci\u00f3n correcta para aliviar las injustas presiones econ\u00f3micas que perjudican al pueblo sirio.<\/p>\n<p style=\"text-align: justify;\">El Ministerio tambi\u00e9n acogi\u00f3 con satisfacci\u00f3n la decisi\u00f3n del Consejo Federal Suizo de imponer una congelaci\u00f3n adicional de los activos de Bashar Al-Assad, ya que estos activos pertenecen a individuos responsables de cr\u00edmenes de guerra y del sufrimiento del pueblo sirio.<\/p>\n<p style=\"text-align: justify;\">La Canciller\u00eda valor\u00f3 el compromiso de Suiza de impedir que estos fondos salgan de su jurisdicci\u00f3n antes de que sean sometidos a un escrutinio judicial para determinar su origen, y expres\u00f3 la aspiraci\u00f3n de Siria de seguir dialogando con las autoridades suizas para garantizar la devoluci\u00f3n de todos los activos obtenidos ilegalmente de manera que beneficie al pueblo sirio.<\/p>\n<p style=\"text-align: justify;\">Reiter\u00f3 el llamamiento de Siria a Suiza y a la comunidad internacional para que sigan adoptando medidas eficaces que contribuyan a lograr la justicia e impulsar la recuperaci\u00f3n.<\/p>\n","protected":false},"excerpt":{"rendered":"<p>Damasco, 9 mar (SANA)\u00a0 El Ministerio de Asuntos Exteriores y Expatriados acogi\u00f3 con satisfacci\u00f3n la decisi\u00f3n del Consejo Federal Suizo de levantar algunas sanciones impuestas a los sectores de energ\u00eda y transporte en Siria, adem\u00e1s de permitir servicios financieros y relaciones bancarias limitadas. Destac\u00f3 que tal medida representa un paso en la direcci\u00f3n correcta para &hellip;<\/p>\n","protected":false},"author":31,"featured_media":348341,"comment_status":"closed","ping_status":"closed","sticky":false,"template":"","format":"standard","meta":{"footnotes":""},"categories":[597,476,7541],"tags":[],"class_list":["post-348339","post","type-post","status-publish","format-standard","has-post-thumbnail","","category-cinta-de-noticias","category-locales","category-ultimas-noticias"],"_links":{"self":[{"href":"https:\/\/archive.sana.sy\/es\/index.php?rest_route=\/wp\/v2\/posts\/348339"}],"collection":[{"href":"https:\/\/archive.sana.sy\/es\/index.php?rest_route=\/wp\/v2\/posts"}],"about":[{"href":"https:\/\/archive.sana.sy\/es\/index.php?rest_route=\/wp\/v2\/types\/post"}],"author":[{"embeddable":true,"href":"https:\/\/archive.sana.sy\/es\/index.php?rest_route=\/wp\/v2\/users\/31"}],"replies":[{"embeddable":true,"href":"https:\/\/archive.sana.sy\/es\/index.php?rest_route=%2Fwp%2Fv2%2Fcomments&post=348339"}],"version-history":[{"count":1,"href":"https:\/\/archive.sana.sy\/es\/index.php?rest_route=\/wp\/v2\/posts\/348339\/revisions"}],"predecessor-version":[{"id":348342,"href":"https:\/\/archive.sana.sy\/es\/index.php?rest_route=\/wp\/v2\/posts\/348339\/revisions\/348342"}],"wp:featuredmedia":[{"embeddable":true,"href":"https:\/\/archive.sana.sy\/es\/index.php?rest_route=\/wp\/v2\/media\/348341"}],"wp:attachment":[{"href":"https:\/\/archive.sana.sy\/es\/index.php?rest_route=%2Fwp%2Fv2%2Fmedia&parent=348339"}],"wp:term":[{"taxonomy":"category","embeddable":true,"href":"https:\/\/archive.sana.sy\/es\/index.php?rest_route=%2Fwp%2Fv2%2Fcategories&post=348339"},{"taxonomy":"post_tag","embeddable":true,"href":"https:\/\/archive.sana.sy\/es\/index.php?rest_route=%2Fwp%2Fv2%2Ftags&post=348339"}],"curies":[{"name":"wp","href":"https:\/\/api.w.org\/{rel}","templated":true}]}}