{"id":348343,"date":"2025-03-09T19:47:25","date_gmt":"2025-03-09T16:47:25","guid":{"rendered":"https:\/\/sana.sy\/es\/?p=348343"},"modified":"2025-03-09T19:47:25","modified_gmt":"2025-03-09T16:47:25","slug":"funeral-en-hama-de-ocho-martires-caidos-durante-los-combates-en-la-costa","status":"publish","type":"post","link":"https:\/\/archive.sana.sy\/es\/?p=348343","title":{"rendered":"Funeral en Hama de ocho m\u00e1rtires ca\u00eddos durante los combates en la costa"},"content":{"rendered":"<p style=\"text-align: justify;\"><span style=\"color: #800000;\"><strong>Hama, 9 mar (SANA)\u00a0<\/strong><\/span> Cientos de residentes de la provincia de Hama despidieron a ocho m\u00e1rtires que murieron durante el enfrentamiento con los remanentes del antiguo r\u00e9gimen en la costa.<\/p>\n<p style=\"text-align: justify;\">Los participantes en el funeral saludaron el sacrificio de los m\u00e1rtires para preservar los logros de la Revoluci\u00f3n y establecer las bases de la seguridad y la estabilidad de la naci\u00f3n.<\/p>\n<div id='gallery-1' class='gallery galleryid-348343 gallery-columns-1 gallery-size-full'><figure class='gallery-item'>\n\t\t\t<div class='gallery-icon landscape'>\n\t\t\t\t<a href='https:\/\/archive.sana.sy\/es\/wp-content\/uploads\/2025\/03\/photo_3_2025-03-09_19-18-15.jpg'><img loading=\"lazy\" decoding=\"async\" width=\"918\" height=\"514\" src=\"https:\/\/archive.sana.sy\/es\/wp-content\/uploads\/2025\/03\/photo_3_2025-03-09_19-18-15.jpg\" class=\"attachment-full size-full\" alt=\"\" srcset=\"https:\/\/archive.sana.sy\/es\/wp-content\/uploads\/2025\/03\/photo_3_2025-03-09_19-18-15.jpg 918w, https:\/\/archive.sana.sy\/es\/wp-content\/uploads\/2025\/03\/photo_3_2025-03-09_19-18-15-300x168.jpg 300w, https:\/\/archive.sana.sy\/es\/wp-content\/uploads\/2025\/03\/photo_3_2025-03-09_19-18-15-150x84.jpg 150w, https:\/\/archive.sana.sy\/es\/wp-content\/uploads\/2025\/03\/photo_3_2025-03-09_19-18-15-768x430.jpg 768w\" sizes=\"(max-width: 918px) 100vw, 918px\" \/><\/a>\n\t\t\t<\/div><\/figure><figure class='gallery-item'>\n\t\t\t<div class='gallery-icon landscape'>\n\t\t\t\t<a href='https:\/\/archive.sana.sy\/es\/wp-content\/uploads\/2025\/03\/photo_2_2025-03-09_19-18-15.jpg'><img loading=\"lazy\" decoding=\"async\" width=\"1280\" height=\"721\" src=\"https:\/\/archive.sana.sy\/es\/wp-content\/uploads\/2025\/03\/photo_2_2025-03-09_19-18-15.jpg\" class=\"attachment-full size-full\" alt=\"\" srcset=\"https:\/\/archive.sana.sy\/es\/wp-content\/uploads\/2025\/03\/photo_2_2025-03-09_19-18-15.jpg 1280w, https:\/\/archive.sana.sy\/es\/wp-content\/uploads\/2025\/03\/photo_2_2025-03-09_19-18-15-300x169.jpg 300w, https:\/\/archive.sana.sy\/es\/wp-content\/uploads\/2025\/03\/photo_2_2025-03-09_19-18-15-1024x577.jpg 1024w, https:\/\/archive.sana.sy\/es\/wp-content\/uploads\/2025\/03\/photo_2_2025-03-09_19-18-15-150x84.jpg 150w, https:\/\/archive.sana.sy\/es\/wp-content\/uploads\/2025\/03\/photo_2_2025-03-09_19-18-15-768x433.jpg 768w\" sizes=\"(max-width: 1280px) 100vw, 1280px\" \/><\/a>\n\t\t\t<\/div><\/figure>\n\t\t<\/div>\n\n","protected":false},"excerpt":{"rendered":"<p>Hama, 9 mar (SANA)\u00a0 Cientos de residentes de la provincia de Hama despidieron a ocho m\u00e1rtires que murieron durante el enfrentamiento con los remanentes del antiguo r\u00e9gimen en la costa. Los participantes en el funeral saludaron el sacrificio de los m\u00e1rtires para preservar los logros de la Revoluci\u00f3n y establecer las bases de la seguridad &hellip;<\/p>\n","protected":false},"author":31,"featured_media":348344,"comment_status":"closed","ping_status":"closed","sticky":false,"template":"","format":"standard","meta":{"footnotes":""},"categories":[597,476,7541],"tags":[],"class_list":["post-348343","post","type-post","status-publish","format-standard","has-post-thumbnail","","category-cinta-de-noticias","category-locales","category-ultimas-noticias"],"_links":{"self":[{"href":"https:\/\/archive.sana.sy\/es\/index.php?rest_route=\/wp\/v2\/posts\/348343"}],"collection":[{"href":"https:\/\/archive.sana.sy\/es\/index.php?rest_route=\/wp\/v2\/posts"}],"about":[{"href":"https:\/\/archive.sana.sy\/es\/index.php?rest_route=\/wp\/v2\/types\/post"}],"author":[{"embeddable":true,"href":"https:\/\/archive.sana.sy\/es\/index.php?rest_route=\/wp\/v2\/users\/31"}],"replies":[{"embeddable":true,"href":"https:\/\/archive.sana.sy\/es\/index.php?rest_route=%2Fwp%2Fv2%2Fcomments&post=348343"}],"version-history":[{"count":1,"href":"https:\/\/archive.sana.sy\/es\/index.php?rest_route=\/wp\/v2\/posts\/348343\/revisions"}],"predecessor-version":[{"id":348347,"href":"https:\/\/archive.sana.sy\/es\/index.php?rest_route=\/wp\/v2\/posts\/348343\/revisions\/348347"}],"wp:featuredmedia":[{"embeddable":true,"href":"https:\/\/archive.sana.sy\/es\/index.php?rest_route=\/wp\/v2\/media\/348344"}],"wp:attachment":[{"href":"https:\/\/archive.sana.sy\/es\/index.php?rest_route=%2Fwp%2Fv2%2Fmedia&parent=348343"}],"wp:term":[{"taxonomy":"category","embeddable":true,"href":"https:\/\/archive.sana.sy\/es\/index.php?rest_route=%2Fwp%2Fv2%2Fcategories&post=348343"},{"taxonomy":"post_tag","embeddable":true,"href":"https:\/\/archive.sana.sy\/es\/index.php?rest_route=%2Fwp%2Fv2%2Ftags&post=348343"}],"curies":[{"name":"wp","href":"https:\/\/api.w.org\/{rel}","templated":true}]}}