{"id":34835,"date":"2015-12-08T18:26:32","date_gmt":"2015-12-08T16:26:32","guid":{"rendered":"http:\/\/sana.sy\/es\/?p=34835"},"modified":"2015-12-08T19:04:13","modified_gmt":"2015-12-08T17:04:13","slug":"kerry-la-segunda-ronda-de-conversaciones-sobre-crisis-siria-se-celebraria-dentro-de-dos-semanas","status":"publish","type":"post","link":"https:\/\/archive.sana.sy\/es\/?p=34835","title":{"rendered":"Kerry: segunda ronda de conversaciones sobre crisis siria se celebrar\u00eda el 18 del mes en curso"},"content":{"rendered":"<p><span style=\"color: #800000\">Par\u00eds, SANA<\/span><\/p>\n<p>El secretario de Estado de EEUU, John Kerry anunci\u00f3 este martes que la segunda ronda de las negociaciones sobre el arreglo de la crisis en Siria prevista en Nueva York se celebrar\u00eda el 18 del mes en curso.<\/p>\n<p>Kerry hizo estas declaraciones tras su reuni\u00f3n con el Secretario General de la ONU, Ban Ki-monn en la capital francesa Par\u00eds.<\/p>\n<p>Kerry revel\u00f3 tambi\u00e9n haber abordado con Ki-moon la necesidad de iniciar negociaciones bajo el auspicio de la ONU para alcanzar un cese el fuego en Siria, agregando que las conversaciones depender\u00e1n de los esfuerzos para unir a los grupos de oposici\u00f3n sirios en los pr\u00f3ximos d\u00edas.<br \/>\nLynn A.<\/p>\n","protected":false},"excerpt":{"rendered":"<p>Par\u00eds, SANA El secretario de Estado de EEUU, John Kerry anunci\u00f3 este martes que la segunda ronda de las negociaciones sobre el arreglo de la crisis en Siria prevista en Nueva York se celebrar\u00eda el 18 del mes en curso. Kerry hizo estas declaraciones tras su reuni\u00f3n con el Secretario General de la ONU, Ban &hellip;<\/p>\n","protected":false},"author":24,"featured_media":31834,"comment_status":"closed","ping_status":"closed","sticky":false,"template":"","format":"standard","meta":{"footnotes":""},"categories":[456,457,7541],"tags":[],"class_list":["post-34835","post","type-post","status-publish","format-standard","has-post-thumbnail","","category-arabe-internacional-politica","category-noticias-arabe-internacional-politica","category-ultimas-noticias"],"_links":{"self":[{"href":"https:\/\/archive.sana.sy\/es\/index.php?rest_route=\/wp\/v2\/posts\/34835"}],"collection":[{"href":"https:\/\/archive.sana.sy\/es\/index.php?rest_route=\/wp\/v2\/posts"}],"about":[{"href":"https:\/\/archive.sana.sy\/es\/index.php?rest_route=\/wp\/v2\/types\/post"}],"author":[{"embeddable":true,"href":"https:\/\/archive.sana.sy\/es\/index.php?rest_route=\/wp\/v2\/users\/24"}],"replies":[{"embeddable":true,"href":"https:\/\/archive.sana.sy\/es\/index.php?rest_route=%2Fwp%2Fv2%2Fcomments&post=34835"}],"version-history":[{"count":0,"href":"https:\/\/archive.sana.sy\/es\/index.php?rest_route=\/wp\/v2\/posts\/34835\/revisions"}],"wp:featuredmedia":[{"embeddable":true,"href":"https:\/\/archive.sana.sy\/es\/index.php?rest_route=\/wp\/v2\/media\/31834"}],"wp:attachment":[{"href":"https:\/\/archive.sana.sy\/es\/index.php?rest_route=%2Fwp%2Fv2%2Fmedia&parent=34835"}],"wp:term":[{"taxonomy":"category","embeddable":true,"href":"https:\/\/archive.sana.sy\/es\/index.php?rest_route=%2Fwp%2Fv2%2Fcategories&post=34835"},{"taxonomy":"post_tag","embeddable":true,"href":"https:\/\/archive.sana.sy\/es\/index.php?rest_route=%2Fwp%2Fv2%2Ftags&post=34835"}],"curies":[{"name":"wp","href":"https:\/\/api.w.org\/{rel}","templated":true}]}}