{"id":348352,"date":"2025-03-09T21:03:00","date_gmt":"2025-03-09T18:03:00","guid":{"rendered":"https:\/\/sana.sy\/es\/?p=348352"},"modified":"2025-03-09T21:03:00","modified_gmt":"2025-03-09T18:03:00","slug":"siria-acogemos-con-beneplacito-el-apoyo-de-los-estados-vecinos-a-siria","status":"publish","type":"post","link":"https:\/\/archive.sana.sy\/es\/?p=348352","title":{"rendered":"Siria: Acogemos con benepl\u00e1cito el apoyo de los Estados vecinos a Siria"},"content":{"rendered":"<p style=\"text-align: justify;\"><span style=\"color: #800000;\"><strong>Am\u00e1n, 9 mar (SANA)\u00a0<\/strong> <\/span>El ministro de Asuntos Exteriores y Expatriados, Asaad Al-Shaibani, acogi\u00f3 con benepl\u00e1cito el apoyo de todos los pa\u00edses participantes en la reuni\u00f3n \u201cPa\u00edses Vecinos de Siria\u201d celebrada en Am\u00e1n para enfrentar los desaf\u00edos que sufre Siria hoy, as\u00ed como su respeto por la unidad e independencia del territorio sirio, su rechazo a las amenazas israel\u00edes y su llamado al levantamiento de las injustas sanciones contra el pueblo sirio.<\/p>\n<p style=\"text-align: justify;\">\u201cAgradezco a Jordania y a todas las delegaciones participantes, que manifestaron claramente su disposici\u00f3n a cooperar y coordinarse para enfrentar los desaf\u00edos comunes y consolidar la seguridad en la regi\u00f3n\u201d, dijo el canciller sirio en una conferencia de prensa.<\/p>\n<p style=\"text-align: justify;\">Al-Shaibani tambi\u00e9n expres\u00f3 su gratitud por el apoyo de los pa\u00edses vecinos al pueblo sirio durante los \u00faltimos a\u00f1os y por recibir a los sirios a pesar de los enormes desaf\u00edos, lo que dejar\u00e1 v\u00ednculos sociales y morales con estos pa\u00edses.<\/p>\n<p style=\"text-align: justify;\">Se\u00f1al\u00f3 la importancia de mejorar la cooperaci\u00f3n econ\u00f3mica y de inversi\u00f3n entre Siria y los pa\u00edses vecinos en \u00e1reas vitales, y destac\u00f3 la disposici\u00f3n de Siria a promover las acciones conjuntas para un futuro mejor para la regi\u00f3n y el mundo.<\/p>\n<p style=\"text-align: justify;\">Cabe se\u00f1alar que la reuni\u00f3n \u201cPa\u00edses Vecinos de Siria\u201d cont\u00f3 con la participaci\u00f3n de Jordania, L\u00edbano, Iraq y Turqu\u00eda.<\/p>\n","protected":false},"excerpt":{"rendered":"<p>Am\u00e1n, 9 mar (SANA)\u00a0 El ministro de Asuntos Exteriores y Expatriados, Asaad Al-Shaibani, acogi\u00f3 con benepl\u00e1cito el apoyo de todos los pa\u00edses participantes en la reuni\u00f3n \u201cPa\u00edses Vecinos de Siria\u201d celebrada en Am\u00e1n para enfrentar los desaf\u00edos que sufre Siria hoy, as\u00ed como su respeto por la unidad e independencia del territorio sirio, su rechazo &hellip;<\/p>\n","protected":false},"author":31,"featured_media":348353,"comment_status":"closed","ping_status":"closed","sticky":false,"template":"","format":"standard","meta":{"footnotes":""},"categories":[597,467,583],"tags":[],"class_list":["post-348352","post","type-post","status-publish","format-standard","has-post-thumbnail","","category-cinta-de-noticias","category-siria-y-el-mundo","category-slide"],"_links":{"self":[{"href":"https:\/\/archive.sana.sy\/es\/index.php?rest_route=\/wp\/v2\/posts\/348352"}],"collection":[{"href":"https:\/\/archive.sana.sy\/es\/index.php?rest_route=\/wp\/v2\/posts"}],"about":[{"href":"https:\/\/archive.sana.sy\/es\/index.php?rest_route=\/wp\/v2\/types\/post"}],"author":[{"embeddable":true,"href":"https:\/\/archive.sana.sy\/es\/index.php?rest_route=\/wp\/v2\/users\/31"}],"replies":[{"embeddable":true,"href":"https:\/\/archive.sana.sy\/es\/index.php?rest_route=%2Fwp%2Fv2%2Fcomments&post=348352"}],"version-history":[{"count":1,"href":"https:\/\/archive.sana.sy\/es\/index.php?rest_route=\/wp\/v2\/posts\/348352\/revisions"}],"predecessor-version":[{"id":348354,"href":"https:\/\/archive.sana.sy\/es\/index.php?rest_route=\/wp\/v2\/posts\/348352\/revisions\/348354"}],"wp:featuredmedia":[{"embeddable":true,"href":"https:\/\/archive.sana.sy\/es\/index.php?rest_route=\/wp\/v2\/media\/348353"}],"wp:attachment":[{"href":"https:\/\/archive.sana.sy\/es\/index.php?rest_route=%2Fwp%2Fv2%2Fmedia&parent=348352"}],"wp:term":[{"taxonomy":"category","embeddable":true,"href":"https:\/\/archive.sana.sy\/es\/index.php?rest_route=%2Fwp%2Fv2%2Fcategories&post=348352"},{"taxonomy":"post_tag","embeddable":true,"href":"https:\/\/archive.sana.sy\/es\/index.php?rest_route=%2Fwp%2Fv2%2Ftags&post=348352"}],"curies":[{"name":"wp","href":"https:\/\/api.w.org\/{rel}","templated":true}]}}