{"id":348358,"date":"2025-03-10T08:17:48","date_gmt":"2025-03-10T05:17:48","guid":{"rendered":"https:\/\/sana.sy\/es\/?p=348358"},"modified":"2025-03-10T08:19:54","modified_gmt":"2025-03-10T05:19:54","slug":"puntos-claves-del-discurso-del-presidente-al-shara-sobre-los-recientes-acontecimientos-en-la-costa-siria","status":"publish","type":"post","link":"https:\/\/archive.sana.sy\/es\/?p=348358","title":{"rendered":"Puntos claves del discurso del presidente Al-Shara sobre los recientes acontecimientos en la costa siria"},"content":{"rendered":"<p style=\"text-align: justify;\"><span style=\"color: #800000;\"><strong>Damasco, 10 mar (SANA)<\/strong><\/span><\/p>\n<ul style=\"list-style-type: disc;\">\n<li style=\"text-align: justify;\">\u00daltimamente Siria ha sido blanco de numerosos intentos de desestabilizarla y arrastrarla a un atolladero de caos.<\/li>\n<li style=\"text-align: justify;\">Estamos en un momento cr\u00edtico y nos encontramos ante un nuevo peligro, representado por los intentos de los remanentes del antiguo r\u00e9gimen y de quienes est\u00e1n detr\u00e1s de ellos desde el exterior, de crear un nuevo conflicto y arrastrar a nuestro pa\u00eds a una guerra civil, con el objetivo de dividirlo y destruir su unidad y estabilidad.<\/li>\n<li style=\"text-align: justify;\">Debemos reconocer el hecho de que el depuesto r\u00e9gimen dej\u00f3 heridas profundas durante su mandato que son muy dif\u00edciles de curar, y uno de los resultados fue lo que sucedi\u00f3 ayer a pesar de los esfuerzos del Estado desde el primer momento para lograr evitar que eso sucediera.<\/li>\n<li style=\"text-align: justify;\">Desde el primer momento, reforzamos la zona con fuerzas de seguridad para proteger la paz civil y evitar que se produjeran incidentes de venganza. Estas fuerzas fueron atacadas, asesinadas y quemadas, y los residentes de la zona fueron atacados. Los que cometieron este crimen atroz son los mismos que cometieron los cr\u00edmenes atroces contra el pueblo sirio durante los \u00faltimos 14 a\u00f1os.<\/li>\n<li style=\"text-align: justify;\">Aseguramos al pueblo sirio y a todos los que se preocupan por nuestro pa\u00eds que no toleraremos los remanentes de Assad que cometieron cr\u00edmenes contra nuestras fuerzas armadas e instituciones estatales, atacaron hospitales, mataron a civiles inocentes y sembraron el caos en zonas seguras. S\u00f3lo tienen una opci\u00f3n: entregarse inmediatamente.<\/li>\n<li style=\"text-align: justify;\">Exigiremos cuentas, con toda firmeza y sin indulgencia, a todo aquel que haya estado involucrado en la sangre de civiles o haya causado da\u00f1o a nuestro pueblo, y a todo aquel que haya excedido los poderes del Estado o haya explotado el poder para lograr sus propios objetivos. No habr\u00e1 nadie por encima de la ley, y cualquiera cuyas manos est\u00e9n manchadas con la sangre de los sirios se enfrentar\u00e1 a la justicia m\u00e1s pronto que tarde.<\/li>\n<li style=\"text-align: justify;\">Anunciamos la formaci\u00f3n de un comit\u00e9 de investigaci\u00f3n para examinar e investigar los acontecimientos en la costa, llevar a los involucrados ante la justicia y revelar los hechos al pueblo sirio, para que todos sepan qui\u00e9n es responsable de estas sediciones y complots.<\/li>\n<li style=\"text-align: justify;\">Anunciaremos la formaci\u00f3n de un comit\u00e9 superior para preservar la paz civil, y la Presidencia de la Rep\u00fablica le encomendar\u00e1 comunicarse directamente con el pueblo de la costa siria, escucharlo y brindarle el apoyo necesario, de manera que se garantice la protecci\u00f3n de su seguridad y estabilidad, y se fortalezca la unidad nacional en esta etapa tan delicada.<\/li>\n<li style=\"text-align: justify;\">Llamamos a todos los pa\u00edses de la regi\u00f3n y del mundo a apoyar a Siria en este momento hist\u00f3rico y afirmar su pleno respeto a su unidad y soberan\u00eda.<\/li>\n<\/ul>\n","protected":false},"excerpt":{"rendered":"<p>Damasco, 10 mar (SANA) \u00daltimamente Siria ha sido blanco de numerosos intentos de desestabilizarla y arrastrarla a un atolladero de caos. Estamos en un momento cr\u00edtico y nos encontramos ante un nuevo peligro, representado por los intentos de los remanentes del antiguo r\u00e9gimen y de quienes est\u00e1n detr\u00e1s de ellos desde el exterior, de crear &hellip;<\/p>\n","protected":false},"author":34,"featured_media":348359,"comment_status":"closed","ping_status":"closed","sticky":false,"template":"","format":"standard","meta":{"footnotes":""},"categories":[477,447,597,20724,476,583],"tags":[],"class_list":["post-348358","post","type-post","status-publish","format-standard","has-post-thumbnail","","category-noticias-edulcorantes","category-local-politica","category-cinta-de-noticias","category-minuto-a-minuto","category-locales","category-slide"],"_links":{"self":[{"href":"https:\/\/archive.sana.sy\/es\/index.php?rest_route=\/wp\/v2\/posts\/348358"}],"collection":[{"href":"https:\/\/archive.sana.sy\/es\/index.php?rest_route=\/wp\/v2\/posts"}],"about":[{"href":"https:\/\/archive.sana.sy\/es\/index.php?rest_route=\/wp\/v2\/types\/post"}],"author":[{"embeddable":true,"href":"https:\/\/archive.sana.sy\/es\/index.php?rest_route=\/wp\/v2\/users\/34"}],"replies":[{"embeddable":true,"href":"https:\/\/archive.sana.sy\/es\/index.php?rest_route=%2Fwp%2Fv2%2Fcomments&post=348358"}],"version-history":[{"count":2,"href":"https:\/\/archive.sana.sy\/es\/index.php?rest_route=\/wp\/v2\/posts\/348358\/revisions"}],"predecessor-version":[{"id":348361,"href":"https:\/\/archive.sana.sy\/es\/index.php?rest_route=\/wp\/v2\/posts\/348358\/revisions\/348361"}],"wp:featuredmedia":[{"embeddable":true,"href":"https:\/\/archive.sana.sy\/es\/index.php?rest_route=\/wp\/v2\/media\/348359"}],"wp:attachment":[{"href":"https:\/\/archive.sana.sy\/es\/index.php?rest_route=%2Fwp%2Fv2%2Fmedia&parent=348358"}],"wp:term":[{"taxonomy":"category","embeddable":true,"href":"https:\/\/archive.sana.sy\/es\/index.php?rest_route=%2Fwp%2Fv2%2Fcategories&post=348358"},{"taxonomy":"post_tag","embeddable":true,"href":"https:\/\/archive.sana.sy\/es\/index.php?rest_route=%2Fwp%2Fv2%2Ftags&post=348358"}],"curies":[{"name":"wp","href":"https:\/\/api.w.org\/{rel}","templated":true}]}}