{"id":348362,"date":"2025-03-10T08:25:43","date_gmt":"2025-03-10T05:25:43","guid":{"rendered":"https:\/\/sana.sy\/es\/?p=348362"},"modified":"2025-03-10T08:26:53","modified_gmt":"2025-03-10T05:26:53","slug":"resolucion-presidencial-de-formar-un-comite-superior-para-mantener-la-paz-civil","status":"publish","type":"post","link":"https:\/\/archive.sana.sy\/es\/?p=348362","title":{"rendered":"Resoluci\u00f3n presidencial de formar un comit\u00e9 superior para mantener la paz civil"},"content":{"rendered":"<p><span style=\"color: #800000;\"><strong>Damasco, 10 mar (SANA)<\/strong> <\/span>El Presidente de la Rep\u00fablica \u00c1rabe Siria, Ahmed Al-Shara, emiti\u00f3 una decisi\u00f3n para formar un comit\u00e9 superior para preservar la paz civil.<\/p>\n<p>El decreto presidencial publicado hoy por la Presidencia de la Rep\u00fablica en su canal de Telegram se\u00f1ala:<\/p>\n<p>Bas\u00e1ndonos en el inter\u00e9s nacional supremo y en el compromiso de lograr la paz civil entre los componentes del pueblo sirio, nosotros, en la Presidencia de la Rep\u00fablica \u00c1rabe Siria, decidimos lo siguiente:<\/p>\n<p>Primero: Formar un comit\u00e9 superior para mantener la paz civil.<\/p>\n<p>Segundo: Designar a los siguientes miembros en este comit\u00e9:<\/p>\n<p>1 &#8211; Anas Ayrouth<\/p>\n<p>2 &#8211; Hassan Soufan<\/p>\n<p>3- Khaled Al-Ahmad<\/p>\n<p>Tercero: El Comit\u00e9 tendr\u00e1 a su cargo las siguientes funciones:<\/p>\n<p>1- Comunicaci\u00f3n directa con la poblaci\u00f3n de la costa siria, para escucharlos.<\/p>\n<p>2- Brindar el apoyo necesario a nuestro pueblo en la costa siria para garantizar la protecci\u00f3n de su seguridad y estabilidad.<\/p>\n<p>3- Trabajar para fortalecer la unidad nacional en esta etapa tan delicada.<\/p>\n","protected":false},"excerpt":{"rendered":"<p>Damasco, 10 mar (SANA) El Presidente de la Rep\u00fablica \u00c1rabe Siria, Ahmed Al-Shara, emiti\u00f3 una decisi\u00f3n para formar un comit\u00e9 superior para preservar la paz civil. El decreto presidencial publicado hoy por la Presidencia de la Rep\u00fablica en su canal de Telegram se\u00f1ala: Bas\u00e1ndonos en el inter\u00e9s nacional supremo y en el compromiso de lograr &hellip;<\/p>\n","protected":false},"author":34,"featured_media":348365,"comment_status":"closed","ping_status":"closed","sticky":false,"template":"","format":"standard","meta":{"footnotes":""},"categories":[477,447,597,20724,476,7541],"tags":[],"class_list":["post-348362","post","type-post","status-publish","format-standard","has-post-thumbnail","","category-noticias-edulcorantes","category-local-politica","category-cinta-de-noticias","category-minuto-a-minuto","category-locales","category-ultimas-noticias"],"_links":{"self":[{"href":"https:\/\/archive.sana.sy\/es\/index.php?rest_route=\/wp\/v2\/posts\/348362"}],"collection":[{"href":"https:\/\/archive.sana.sy\/es\/index.php?rest_route=\/wp\/v2\/posts"}],"about":[{"href":"https:\/\/archive.sana.sy\/es\/index.php?rest_route=\/wp\/v2\/types\/post"}],"author":[{"embeddable":true,"href":"https:\/\/archive.sana.sy\/es\/index.php?rest_route=\/wp\/v2\/users\/34"}],"replies":[{"embeddable":true,"href":"https:\/\/archive.sana.sy\/es\/index.php?rest_route=%2Fwp%2Fv2%2Fcomments&post=348362"}],"version-history":[{"count":1,"href":"https:\/\/archive.sana.sy\/es\/index.php?rest_route=\/wp\/v2\/posts\/348362\/revisions"}],"predecessor-version":[{"id":348364,"href":"https:\/\/archive.sana.sy\/es\/index.php?rest_route=\/wp\/v2\/posts\/348362\/revisions\/348364"}],"wp:featuredmedia":[{"embeddable":true,"href":"https:\/\/archive.sana.sy\/es\/index.php?rest_route=\/wp\/v2\/media\/348365"}],"wp:attachment":[{"href":"https:\/\/archive.sana.sy\/es\/index.php?rest_route=%2Fwp%2Fv2%2Fmedia&parent=348362"}],"wp:term":[{"taxonomy":"category","embeddable":true,"href":"https:\/\/archive.sana.sy\/es\/index.php?rest_route=%2Fwp%2Fv2%2Fcategories&post=348362"},{"taxonomy":"post_tag","embeddable":true,"href":"https:\/\/archive.sana.sy\/es\/index.php?rest_route=%2Fwp%2Fv2%2Ftags&post=348362"}],"curies":[{"name":"wp","href":"https:\/\/api.w.org\/{rel}","templated":true}]}}