{"id":34837,"date":"2015-12-08T15:42:57","date_gmt":"2015-12-08T13:42:57","guid":{"rendered":"http:\/\/sana.sy\/es\/?p=34837"},"modified":"2015-12-08T19:02:41","modified_gmt":"2015-12-08T17:02:41","slug":"detenidos-dos-supuestos-terroristas-del-ei-en-espana","status":"publish","type":"post","link":"https:\/\/archive.sana.sy\/es\/?p=34837","title":{"rendered":"Detenidos dos supuestos terroristas del EI en Espa\u00f1a"},"content":{"rendered":"<p><span style=\"color: #800000\">Madrid, SANA<\/span><\/p>\n<p>La Polic\u00eda Nacional espa\u00f1ola detuvo esta madrugada del martes en Catalu\u00f1a y las Islas Canarias, a dos personas integradas en la organizaci\u00f3n terrorista del &#8220;Estado Isl\u00e1mico&#8221;.<\/p>\n<p>Seg\u00fan inform\u00f3 el Ministerio del Interior espa\u00f1ol en un comunicado, los detenidos est\u00e1n acusados de captar y adoctrinar mediante las redes sociales a personas para integrarlas en el EI y enviarlas a zonas de conflicto.<\/p>\n<p>El ministro espa\u00f1ol de Interior, Jorge Fern\u00e1ndez D\u00edaz, explic\u00f3 que los detenidos formaban parte de una red &#8220;altamente profesionalizada&#8221; dedicada a reclutar y adoctrinar yihadistas.<\/p>\n<p>En declaraciones a los medios de comunicaci\u00f3n en Barcelona, Fern\u00e1ndez D\u00edaz inform\u00f3 que los detenidos estaban en contacto directo con dirigentes de Siria y hab\u00edan prestado juramento de fidelidad al EI y al autoproclamado l\u00edder del califato, Abu Bakr al-Baghadi.<\/p>\n<p>&nbsp;<\/p>\n<p>Fady M., Lynn A.<\/p>\n","protected":false},"excerpt":{"rendered":"<p>Madrid, SANA La Polic\u00eda Nacional espa\u00f1ola detuvo esta madrugada del martes en Catalu\u00f1a y las Islas Canarias, a dos personas integradas en la organizaci\u00f3n terrorista del &#8220;Estado Isl\u00e1mico&#8221;. Seg\u00fan inform\u00f3 el Ministerio del Interior espa\u00f1ol en un comunicado, los detenidos est\u00e1n acusados de captar y adoctrinar mediante las redes sociales a personas para integrarlas en &hellip;<\/p>\n","protected":false},"author":24,"featured_media":17052,"comment_status":"closed","ping_status":"closed","sticky":false,"template":"","format":"standard","meta":{"footnotes":""},"categories":[456,457,7541],"tags":[],"class_list":["post-34837","post","type-post","status-publish","format-standard","has-post-thumbnail","","category-arabe-internacional-politica","category-noticias-arabe-internacional-politica","category-ultimas-noticias"],"_links":{"self":[{"href":"https:\/\/archive.sana.sy\/es\/index.php?rest_route=\/wp\/v2\/posts\/34837"}],"collection":[{"href":"https:\/\/archive.sana.sy\/es\/index.php?rest_route=\/wp\/v2\/posts"}],"about":[{"href":"https:\/\/archive.sana.sy\/es\/index.php?rest_route=\/wp\/v2\/types\/post"}],"author":[{"embeddable":true,"href":"https:\/\/archive.sana.sy\/es\/index.php?rest_route=\/wp\/v2\/users\/24"}],"replies":[{"embeddable":true,"href":"https:\/\/archive.sana.sy\/es\/index.php?rest_route=%2Fwp%2Fv2%2Fcomments&post=34837"}],"version-history":[{"count":0,"href":"https:\/\/archive.sana.sy\/es\/index.php?rest_route=\/wp\/v2\/posts\/34837\/revisions"}],"wp:featuredmedia":[{"embeddable":true,"href":"https:\/\/archive.sana.sy\/es\/index.php?rest_route=\/wp\/v2\/media\/17052"}],"wp:attachment":[{"href":"https:\/\/archive.sana.sy\/es\/index.php?rest_route=%2Fwp%2Fv2%2Fmedia&parent=34837"}],"wp:term":[{"taxonomy":"category","embeddable":true,"href":"https:\/\/archive.sana.sy\/es\/index.php?rest_route=%2Fwp%2Fv2%2Fcategories&post=34837"},{"taxonomy":"post_tag","embeddable":true,"href":"https:\/\/archive.sana.sy\/es\/index.php?rest_route=%2Fwp%2Fv2%2Ftags&post=34837"}],"curies":[{"name":"wp","href":"https:\/\/api.w.org\/{rel}","templated":true}]}}