{"id":348370,"date":"2025-03-10T13:34:12","date_gmt":"2025-03-10T10:34:12","guid":{"rendered":"https:\/\/sana.sy\/es\/?p=348370"},"modified":"2025-03-10T13:34:12","modified_gmt":"2025-03-10T10:34:12","slug":"vicepresidente-turco-cuanto-mas-fuertes-sean-el-gobierno-sirio-y-sus-instituciones-mas-se-fortalecera-la-estabilidad","status":"publish","type":"post","link":"https:\/\/archive.sana.sy\/es\/?p=348370","title":{"rendered":"Vicepresidente turco: Cuanto m\u00e1s fuertes sean el gobierno sirio y sus instituciones, m\u00e1s se fortalecer\u00e1 la estabilidad"},"content":{"rendered":"<p style=\"text-align: justify;\"><span style=\"color: #800000;\"><strong>Ankara, 10 mar (SANA)\u00a0<\/strong> <\/span>El vicepresidente turco Cevdet Yilmaz, consider\u00f3 hoy que los remanentes del depuesto r\u00e9gimen en Siria y cualquier entidad que act\u00fae fuera del marco de la ley no podr\u00e1n obstruir la transformaci\u00f3n hist\u00f3rica en el pa\u00eds.<\/p>\n<p style=\"text-align: justify;\">La Agencia Anadolu cit\u00f3 a Yilmaz diciendo en una publicaci\u00f3n en la plataforma X, que los acontecimientos que Siria presenci\u00f3 durante los \u00faltimos d\u00edas \u201centristecieron a todos\u201d y enfatiz\u00f3 que \u201clas partes que pretenden atizar el conflicto entre el pueblo sirio sobre bases \u00e9tnicas y sectarias, no tendr\u00e1n \u00e9xito\u201d.<\/p>\n<p style=\"text-align: justify;\">El vicepresidente turco destac\u00f3 que \u201clograr la estabilidad y la prosperidad en Siria en un ambiente de unidad no es s\u00f3lo un deseo fraternal, sino una exigencia de la seguridad nacional turca\u201d.<\/p>\n<p style=\"text-align: justify;\">Explic\u00f3 que \u201ccuanto m\u00e1s fuertes sean el gobierno sirio y sus instituciones, m\u00e1s se fortalecer\u00e1 la estabilidad en Siria\u201d.<\/p>\n","protected":false},"excerpt":{"rendered":"<p>Ankara, 10 mar (SANA)\u00a0 El vicepresidente turco Cevdet Yilmaz, consider\u00f3 hoy que los remanentes del depuesto r\u00e9gimen en Siria y cualquier entidad que act\u00fae fuera del marco de la ley no podr\u00e1n obstruir la transformaci\u00f3n hist\u00f3rica en el pa\u00eds. La Agencia Anadolu cit\u00f3 a Yilmaz diciendo en una publicaci\u00f3n en la plataforma X, que los &hellip;<\/p>\n","protected":false},"author":32,"featured_media":348371,"comment_status":"closed","ping_status":"closed","sticky":false,"template":"","format":"standard","meta":{"footnotes":""},"categories":[597,467,7541],"tags":[],"class_list":["post-348370","post","type-post","status-publish","format-standard","has-post-thumbnail","","category-cinta-de-noticias","category-siria-y-el-mundo","category-ultimas-noticias"],"_links":{"self":[{"href":"https:\/\/archive.sana.sy\/es\/index.php?rest_route=\/wp\/v2\/posts\/348370"}],"collection":[{"href":"https:\/\/archive.sana.sy\/es\/index.php?rest_route=\/wp\/v2\/posts"}],"about":[{"href":"https:\/\/archive.sana.sy\/es\/index.php?rest_route=\/wp\/v2\/types\/post"}],"author":[{"embeddable":true,"href":"https:\/\/archive.sana.sy\/es\/index.php?rest_route=\/wp\/v2\/users\/32"}],"replies":[{"embeddable":true,"href":"https:\/\/archive.sana.sy\/es\/index.php?rest_route=%2Fwp%2Fv2%2Fcomments&post=348370"}],"version-history":[{"count":1,"href":"https:\/\/archive.sana.sy\/es\/index.php?rest_route=\/wp\/v2\/posts\/348370\/revisions"}],"predecessor-version":[{"id":348372,"href":"https:\/\/archive.sana.sy\/es\/index.php?rest_route=\/wp\/v2\/posts\/348370\/revisions\/348372"}],"wp:featuredmedia":[{"embeddable":true,"href":"https:\/\/archive.sana.sy\/es\/index.php?rest_route=\/wp\/v2\/media\/348371"}],"wp:attachment":[{"href":"https:\/\/archive.sana.sy\/es\/index.php?rest_route=%2Fwp%2Fv2%2Fmedia&parent=348370"}],"wp:term":[{"taxonomy":"category","embeddable":true,"href":"https:\/\/archive.sana.sy\/es\/index.php?rest_route=%2Fwp%2Fv2%2Fcategories&post=348370"},{"taxonomy":"post_tag","embeddable":true,"href":"https:\/\/archive.sana.sy\/es\/index.php?rest_route=%2Fwp%2Fv2%2Ftags&post=348370"}],"curies":[{"name":"wp","href":"https:\/\/api.w.org\/{rel}","templated":true}]}}