{"id":348376,"date":"2025-03-10T17:55:52","date_gmt":"2025-03-10T14:55:52","guid":{"rendered":"https:\/\/sana.sy\/es\/?p=348376"},"modified":"2025-03-10T17:56:12","modified_gmt":"2025-03-10T14:56:12","slug":"la-ue-llama-a-respetar-la-soberania-y-unidad-de-siria","status":"publish","type":"post","link":"https:\/\/archive.sana.sy\/es\/?p=348376","title":{"rendered":"La UE llama a respetar la soberan\u00eda y unidad de Siria"},"content":{"rendered":"<blockquote>\n<p style=\"text-align: justify;\"><span style=\"color: #993300;\">\u201cLa UE condena en\u00e9rgicamente los recientes ataques de los elementos pro-Asad contra las fuerzas del gobierno provisional en las zonas costeras de Siria, as\u00ed como todos los actos de violencia contra los civiles. Los civiles deben ser protegidos en todas las circunstancias y con pleno respeto del derecho internacional humanitario\u201d, afirm\u00f3 hoy el portavoz de la UE.<\/span><\/p>\n<\/blockquote>\n<p style=\"text-align: justify;\"><span style=\"color: #800000;\"><strong>Bruselas, 10 mar (SANA)\u00a0<\/strong><\/span>\u00a0 La Uni\u00f3n Europea (UE) conden\u00f3 los recientes ataques lanzados por los remanentes del depuesto r\u00e9gimen en la regi\u00f3n costera siria y pidi\u00f3 a todas las partes que respeten la soberan\u00eda, unidad e integridad territorial de Siria.<\/p>\n<p style=\"text-align: justify;\">\u201cLa UE condena en\u00e9rgicamente los recientes ataques de los elementos pro-Asad contra las fuerzas del gobierno provisional en las zonas costeras de Siria, as\u00ed como todos los actos de violencia contra los civiles. Los civiles deben ser protegidos en todas las circunstancias y con pleno respeto del derecho internacional humanitario\u201d, afirm\u00f3 hoy el portavoz de la UE.<\/p>\n<p style=\"text-align: justify;\">Hizo un llamamiento a todos los actores externos para que respeten plenamente la soberan\u00eda, unidad e integridad territorial de Siria, y condenen cualquier intento de socavar la estabilidad, las perspectivas de una transici\u00f3n pac\u00edfica y el respeto de todos los sirios en su diversidad.<\/p>\n","protected":false},"excerpt":{"rendered":"<p>\u201cLa UE condena en\u00e9rgicamente los recientes ataques de los elementos pro-Asad contra las fuerzas del gobierno provisional en las zonas costeras de Siria, as\u00ed como todos los actos de violencia contra los civiles. Los civiles deben ser protegidos en todas las circunstancias y con pleno respeto del derecho internacional humanitario\u201d, afirm\u00f3 hoy el portavoz de &hellip;<\/p>\n","protected":false},"author":32,"featured_media":348377,"comment_status":"closed","ping_status":"closed","sticky":false,"template":"","format":"standard","meta":{"footnotes":""},"categories":[447,597,20724,467,7541,1],"tags":[],"class_list":["post-348376","post","type-post","status-publish","format-standard","has-post-thumbnail","","category-local-politica","category-cinta-de-noticias","category-minuto-a-minuto","category-siria-y-el-mundo","category-ultimas-noticias","category-news-not-sorted"],"_links":{"self":[{"href":"https:\/\/archive.sana.sy\/es\/index.php?rest_route=\/wp\/v2\/posts\/348376"}],"collection":[{"href":"https:\/\/archive.sana.sy\/es\/index.php?rest_route=\/wp\/v2\/posts"}],"about":[{"href":"https:\/\/archive.sana.sy\/es\/index.php?rest_route=\/wp\/v2\/types\/post"}],"author":[{"embeddable":true,"href":"https:\/\/archive.sana.sy\/es\/index.php?rest_route=\/wp\/v2\/users\/32"}],"replies":[{"embeddable":true,"href":"https:\/\/archive.sana.sy\/es\/index.php?rest_route=%2Fwp%2Fv2%2Fcomments&post=348376"}],"version-history":[{"count":1,"href":"https:\/\/archive.sana.sy\/es\/index.php?rest_route=\/wp\/v2\/posts\/348376\/revisions"}],"predecessor-version":[{"id":348378,"href":"https:\/\/archive.sana.sy\/es\/index.php?rest_route=\/wp\/v2\/posts\/348376\/revisions\/348378"}],"wp:featuredmedia":[{"embeddable":true,"href":"https:\/\/archive.sana.sy\/es\/index.php?rest_route=\/wp\/v2\/media\/348377"}],"wp:attachment":[{"href":"https:\/\/archive.sana.sy\/es\/index.php?rest_route=%2Fwp%2Fv2%2Fmedia&parent=348376"}],"wp:term":[{"taxonomy":"category","embeddable":true,"href":"https:\/\/archive.sana.sy\/es\/index.php?rest_route=%2Fwp%2Fv2%2Fcategories&post=348376"},{"taxonomy":"post_tag","embeddable":true,"href":"https:\/\/archive.sana.sy\/es\/index.php?rest_route=%2Fwp%2Fv2%2Ftags&post=348376"}],"curies":[{"name":"wp","href":"https:\/\/api.w.org\/{rel}","templated":true}]}}