{"id":348379,"date":"2025-03-10T21:12:49","date_gmt":"2025-03-10T18:12:49","guid":{"rendered":"https:\/\/sana.sy\/es\/?p=348379"},"modified":"2025-03-10T21:12:49","modified_gmt":"2025-03-10T18:12:49","slug":"presidente-sirio-concede-entrevista-con-reuters","status":"publish","type":"post","link":"https:\/\/archive.sana.sy\/es\/?p=348379","title":{"rendered":"Presidente sirio concede entrevista con Reuters"},"content":{"rendered":"<p style=\"text-align: justify;\"><span style=\"color: #800000;\"><strong>Damasco, 10 mar (SANA)\u00a0 \u00a0<\/strong><\/span>El presidente sirio Ahmed Al-Sharaa concedi\u00f3 entrevista con la agencia Reuters en la que manifest\u00f3 las siguientes posturas:<\/p>\n<p style=\"text-align: justify;\">&#x1f539; Siria es un Estado de derecho y la ley se aplicar\u00e1 sobre todos.<\/p>\n<p style=\"text-align: justify;\">&#x1f539; Luchamos para defender a los oprimidos y no aceptaremos que se derrame sangre injustamente, y juzgaremos a los implicados aunque sean muy cercanos a nosotros.<\/p>\n<p style=\"text-align: justify;\">&#x1f539; Agredir a la gente es una l\u00ednea roja en Siria.<\/p>\n<p style=\"text-align: justify;\">&#x1f539; Lo que ocurri\u00f3 hace dos d\u00edas tendr\u00e1 un impacto en nuestra marcha, y restauraremos la situaci\u00f3n tanto como podamos.<\/p>\n<p style=\"text-align: justify;\">&#x1f539; Se ha formado un comit\u00e9 para preservar la paz civil y la reconciliaci\u00f3n entre los sirios, porque la sangre la sangre solo engendra m\u00e1s sangre.<\/p>\n<p style=\"text-align: justify;\">&#x1f539; Elementos pro Assad y un estado extranjero son los que iniciaron los enfrentamientos para fomentar el malestar y crear conflictos sectarios con el fin de desestabilizar Siria.<\/p>\n<p style=\"text-align: justify;\">&#x1f539; La seguridad y el bienestar econ\u00f3mico est\u00e1n directamente vinculados al levantamiento de las sanciones impuestas por Estados Unidos contra el r\u00e9gimen de Al-Assad.<\/p>\n<p style=\"text-align: justify;\">&#x1f539;\u00a0&#8220;No podemos instaurar la seguridad en el pa\u00eds si las sanciones siguen vigentes.<\/p>\n<p style=\"text-align: justify;\">&#x1f539; El expediente sirio no est\u00e1 en la lista de prioridades de Estados Unidos. Creo que la pregunta sobre si ha habido alg\u00fan contacto con la administraci\u00f3n de Trump deber\u00eda dirigirse a Washington. La puerta de Siria est\u00e1 abierta a la comunicaci\u00f3n.<\/p>\n<p style=\"text-align: justify;\">&#x1f539; No queremos que haya una ruptura entre Siria y Rusia, y no queremos que la presencia rusa en Siria represente un peligro o amenaza para ning\u00fan pa\u00eds del mundo, y queremos preservar estas profundas relaciones estrat\u00e9gicas.<\/p>\n<p style=\"text-align: justify;\">&#x1f539; Mosc\u00fa y Damasco hab\u00edan acordado revisar todos los acuerdos anteriores, pero a\u00fan no hab\u00eda tenido tiempo suficiente para entrar en detalles.<\/p>\n","protected":false},"excerpt":{"rendered":"<p>Damasco, 10 mar (SANA)\u00a0 \u00a0El presidente sirio Ahmed Al-Sharaa concedi\u00f3 entrevista con la agencia Reuters en la que manifest\u00f3 las siguientes posturas: &#x1f539; Siria es un Estado de derecho y la ley se aplicar\u00e1 sobre todos. &#x1f539; Luchamos para defender a los oprimidos y no aceptaremos que se derrame sangre injustamente, y juzgaremos a los &hellip;<\/p>\n","protected":false},"author":31,"featured_media":348380,"comment_status":"closed","ping_status":"closed","sticky":false,"template":"","format":"standard","meta":{"footnotes":""},"categories":[597,476,583],"tags":[],"class_list":["post-348379","post","type-post","status-publish","format-standard","has-post-thumbnail","","category-cinta-de-noticias","category-locales","category-slide"],"_links":{"self":[{"href":"https:\/\/archive.sana.sy\/es\/index.php?rest_route=\/wp\/v2\/posts\/348379"}],"collection":[{"href":"https:\/\/archive.sana.sy\/es\/index.php?rest_route=\/wp\/v2\/posts"}],"about":[{"href":"https:\/\/archive.sana.sy\/es\/index.php?rest_route=\/wp\/v2\/types\/post"}],"author":[{"embeddable":true,"href":"https:\/\/archive.sana.sy\/es\/index.php?rest_route=\/wp\/v2\/users\/31"}],"replies":[{"embeddable":true,"href":"https:\/\/archive.sana.sy\/es\/index.php?rest_route=%2Fwp%2Fv2%2Fcomments&post=348379"}],"version-history":[{"count":1,"href":"https:\/\/archive.sana.sy\/es\/index.php?rest_route=\/wp\/v2\/posts\/348379\/revisions"}],"predecessor-version":[{"id":348381,"href":"https:\/\/archive.sana.sy\/es\/index.php?rest_route=\/wp\/v2\/posts\/348379\/revisions\/348381"}],"wp:featuredmedia":[{"embeddable":true,"href":"https:\/\/archive.sana.sy\/es\/index.php?rest_route=\/wp\/v2\/media\/348380"}],"wp:attachment":[{"href":"https:\/\/archive.sana.sy\/es\/index.php?rest_route=%2Fwp%2Fv2%2Fmedia&parent=348379"}],"wp:term":[{"taxonomy":"category","embeddable":true,"href":"https:\/\/archive.sana.sy\/es\/index.php?rest_route=%2Fwp%2Fv2%2Fcategories&post=348379"},{"taxonomy":"post_tag","embeddable":true,"href":"https:\/\/archive.sana.sy\/es\/index.php?rest_route=%2Fwp%2Fv2%2Ftags&post=348379"}],"curies":[{"name":"wp","href":"https:\/\/api.w.org\/{rel}","templated":true}]}}