{"id":348382,"date":"2025-03-10T21:16:05","date_gmt":"2025-03-10T18:16:05","guid":{"rendered":"https:\/\/sana.sy\/es\/?p=348382"},"modified":"2025-03-10T21:16:27","modified_gmt":"2025-03-10T18:16:27","slug":"348382","status":"publish","type":"post","link":"https:\/\/archive.sana.sy\/es\/?p=348382","title":{"rendered":"Erdogan: apoyamos a Siria para avanzar hacia la estabilidad"},"content":{"rendered":"<p style=\"text-align: justify;\"><span style=\"color: #800000;\"><strong>Ankara, 10 mar (SANA)<\/strong><\/span>\u00a0 El presidente turco, Recep Tayyip Erdogan, conden\u00f3 en los t\u00e9rminos m\u00e1s en\u00e9rgicos todo ataque contra la unidad, la estabilidad y la paz social de Siria, as\u00ed como todos los actos de terrorismo e intimidaci\u00f3n.<\/p>\n<p style=\"text-align: justify;\">Subray\u00f3 que su pa\u00eds nunca permitir\u00e1 que se reconfiguren los mapas de Siria.<\/p>\n<p style=\"text-align: justify;\">&#8220;Los acontecimientos en la costa siria han sido en gran parte controlados gracias a la intervenci\u00f3n efectiva de las fuerzas del gobierno sirio, pero la situaci\u00f3n sobre el terreno sigue siendo delicada&#8221;, dijo hoy Erdogan en una conferencia de prensa tras una reuni\u00f3n del gobierno en el complejo presidencial en la capital, Ankara, citado por Anadolu.<\/p>\n<p style=\"text-align: justify;\">Agreg\u00f3: &#8220;Estamos tomando precauciones para asegurarse de que no se produzca ning\u00fan desarrollo contra nuestro pa\u00eds, e instamos a las autoridades sirias a tomar las medidas necesarias para aliviar r\u00e1pidamente la situaci\u00f3n&#8221;.<\/p>\n<p style=\"text-align: justify;\">El presidente turco acogi\u00f3 con satisfacci\u00f3n las declaraciones moderadas y tranquilizadoras del presidente Ahmed al-Sharaa, as\u00ed como su firme mensaje de que quienes act\u00faen al margen de la ley ser\u00e1n castigados.<\/p>\n<p style=\"text-align: justify;\">Enfatiz\u00f3 que los esfuerzos de aquellos que intentan sembrar la discordia en Siria no tendr\u00e1n \u00e9xito, y se\u00f1al\u00f3 que su pa\u00eds continuar\u00e1 apoyando a Siria para avanzar hacia un estado de estabilidad.<\/p>\n<p style=\"text-align: justify;\">\u201cQuien mira a Siria y no ve nada m\u00e1s que sectas y etnias es un fan\u00e1tico ciego. No nos interesa la etnia, religi\u00f3n o secta de nadie en la religi\u00f3n\u201d, afirm\u00f3.<\/p>\n","protected":false},"excerpt":{"rendered":"<p>Ankara, 10 mar (SANA)\u00a0 El presidente turco, Recep Tayyip Erdogan, conden\u00f3 en los t\u00e9rminos m\u00e1s en\u00e9rgicos todo ataque contra la unidad, la estabilidad y la paz social de Siria, as\u00ed como todos los actos de terrorismo e intimidaci\u00f3n. Subray\u00f3 que su pa\u00eds nunca permitir\u00e1 que se reconfiguren los mapas de Siria. &#8220;Los acontecimientos en la &hellip;<\/p>\n","protected":false},"author":31,"featured_media":348383,"comment_status":"closed","ping_status":"closed","sticky":false,"template":"","format":"standard","meta":{"footnotes":""},"categories":[597,467,7541],"tags":[],"class_list":["post-348382","post","type-post","status-publish","format-standard","has-post-thumbnail","","category-cinta-de-noticias","category-siria-y-el-mundo","category-ultimas-noticias"],"_links":{"self":[{"href":"https:\/\/archive.sana.sy\/es\/index.php?rest_route=\/wp\/v2\/posts\/348382"}],"collection":[{"href":"https:\/\/archive.sana.sy\/es\/index.php?rest_route=\/wp\/v2\/posts"}],"about":[{"href":"https:\/\/archive.sana.sy\/es\/index.php?rest_route=\/wp\/v2\/types\/post"}],"author":[{"embeddable":true,"href":"https:\/\/archive.sana.sy\/es\/index.php?rest_route=\/wp\/v2\/users\/31"}],"replies":[{"embeddable":true,"href":"https:\/\/archive.sana.sy\/es\/index.php?rest_route=%2Fwp%2Fv2%2Fcomments&post=348382"}],"version-history":[{"count":2,"href":"https:\/\/archive.sana.sy\/es\/index.php?rest_route=\/wp\/v2\/posts\/348382\/revisions"}],"predecessor-version":[{"id":348385,"href":"https:\/\/archive.sana.sy\/es\/index.php?rest_route=\/wp\/v2\/posts\/348382\/revisions\/348385"}],"wp:featuredmedia":[{"embeddable":true,"href":"https:\/\/archive.sana.sy\/es\/index.php?rest_route=\/wp\/v2\/media\/348383"}],"wp:attachment":[{"href":"https:\/\/archive.sana.sy\/es\/index.php?rest_route=%2Fwp%2Fv2%2Fmedia&parent=348382"}],"wp:term":[{"taxonomy":"category","embeddable":true,"href":"https:\/\/archive.sana.sy\/es\/index.php?rest_route=%2Fwp%2Fv2%2Fcategories&post=348382"},{"taxonomy":"post_tag","embeddable":true,"href":"https:\/\/archive.sana.sy\/es\/index.php?rest_route=%2Fwp%2Fv2%2Ftags&post=348382"}],"curies":[{"name":"wp","href":"https:\/\/api.w.org\/{rel}","templated":true}]}}