{"id":348386,"date":"2025-03-10T21:20:49","date_gmt":"2025-03-10T18:20:49","guid":{"rendered":"https:\/\/sana.sy\/es\/?p=348386"},"modified":"2025-03-10T21:21:17","modified_gmt":"2025-03-10T18:21:17","slug":"las-fds-se-integran-a-las-instituciones-del-estado-sirio","status":"publish","type":"post","link":"https:\/\/archive.sana.sy\/es\/?p=348386","title":{"rendered":"Las FDS se integran a las instituciones del Estado sirio"},"content":{"rendered":"<p style=\"text-align: justify;\"><span style=\"color: #800000;\"><strong>Damasco, 10 mar (SANA)\u00a0<\/strong><\/span> El presidente sirio Ahmad Al-Sharaa, y el jefe de las Fuerzas Democr\u00e1ticas de Siria (FDS) firmaron un acuerdo que estipula la integraci\u00f3n de las Fuerzas Democr\u00e1ticas Sirias (FDS) en las instituciones de la Rep\u00fablica \u00c1rabe Siria, enfatizando la unidad del territorio sirio y rechazando la divisi\u00f3n.<\/p>\n<div id='gallery-1' class='gallery galleryid-348386 gallery-columns-1 gallery-size-full'><figure class='gallery-item'>\n\t\t\t<div class='gallery-icon landscape'>\n\t\t\t\t<a href='https:\/\/archive.sana.sy\/es\/wp-content\/uploads\/2025\/03\/photo_2025-03-10_20-47-24.jpg'><img loading=\"lazy\" decoding=\"async\" width=\"1280\" height=\"718\" src=\"https:\/\/archive.sana.sy\/es\/wp-content\/uploads\/2025\/03\/photo_2025-03-10_20-47-24.jpg\" class=\"attachment-full size-full\" alt=\"\" srcset=\"https:\/\/archive.sana.sy\/es\/wp-content\/uploads\/2025\/03\/photo_2025-03-10_20-47-24.jpg 1280w, https:\/\/archive.sana.sy\/es\/wp-content\/uploads\/2025\/03\/photo_2025-03-10_20-47-24-300x168.jpg 300w, https:\/\/archive.sana.sy\/es\/wp-content\/uploads\/2025\/03\/photo_2025-03-10_20-47-24-1024x574.jpg 1024w, https:\/\/archive.sana.sy\/es\/wp-content\/uploads\/2025\/03\/photo_2025-03-10_20-47-24-150x84.jpg 150w, https:\/\/archive.sana.sy\/es\/wp-content\/uploads\/2025\/03\/photo_2025-03-10_20-47-24-768x431.jpg 768w\" sizes=\"(max-width: 1280px) 100vw, 1280px\" \/><\/a>\n\t\t\t<\/div><\/figure><figure class='gallery-item'>\n\t\t\t<div class='gallery-icon portrait'>\n\t\t\t\t<a href='https:\/\/archive.sana.sy\/es\/wp-content\/uploads\/2025\/03\/photo_2025-03-10_20-49-39.jpg'><img loading=\"lazy\" decoding=\"async\" width=\"909\" height=\"1280\" src=\"https:\/\/archive.sana.sy\/es\/wp-content\/uploads\/2025\/03\/photo_2025-03-10_20-49-39.jpg\" class=\"attachment-full size-full\" alt=\"\" srcset=\"https:\/\/archive.sana.sy\/es\/wp-content\/uploads\/2025\/03\/photo_2025-03-10_20-49-39.jpg 909w, https:\/\/archive.sana.sy\/es\/wp-content\/uploads\/2025\/03\/photo_2025-03-10_20-49-39-213x300.jpg 213w, https:\/\/archive.sana.sy\/es\/wp-content\/uploads\/2025\/03\/photo_2025-03-10_20-49-39-727x1024.jpg 727w, https:\/\/archive.sana.sy\/es\/wp-content\/uploads\/2025\/03\/photo_2025-03-10_20-49-39-107x150.jpg 107w, https:\/\/archive.sana.sy\/es\/wp-content\/uploads\/2025\/03\/photo_2025-03-10_20-49-39-768x1081.jpg 768w\" sizes=\"(max-width: 909px) 100vw, 909px\" \/><\/a>\n\t\t\t<\/div><\/figure><figure class='gallery-item'>\n\t\t\t<div class='gallery-icon portrait'>\n\t\t\t\t<a href='https:\/\/archive.sana.sy\/es\/wp-content\/uploads\/2025\/03\/photo_2025-03-10_20-43-40.jpg'><img loading=\"lazy\" decoding=\"async\" width=\"917\" height=\"1280\" src=\"https:\/\/archive.sana.sy\/es\/wp-content\/uploads\/2025\/03\/photo_2025-03-10_20-43-40.jpg\" class=\"attachment-full size-full\" alt=\"\" srcset=\"https:\/\/archive.sana.sy\/es\/wp-content\/uploads\/2025\/03\/photo_2025-03-10_20-43-40.jpg 917w, https:\/\/archive.sana.sy\/es\/wp-content\/uploads\/2025\/03\/photo_2025-03-10_20-43-40-215x300.jpg 215w, https:\/\/archive.sana.sy\/es\/wp-content\/uploads\/2025\/03\/photo_2025-03-10_20-43-40-734x1024.jpg 734w, https:\/\/archive.sana.sy\/es\/wp-content\/uploads\/2025\/03\/photo_2025-03-10_20-43-40-107x150.jpg 107w, https:\/\/archive.sana.sy\/es\/wp-content\/uploads\/2025\/03\/photo_2025-03-10_20-43-40-768x1072.jpg 768w\" sizes=\"(max-width: 917px) 100vw, 917px\" \/><\/a>\n\t\t\t<\/div><\/figure>\n\t\t<\/div>\n\n","protected":false},"excerpt":{"rendered":"<p>Damasco, 10 mar (SANA)\u00a0 El presidente sirio Ahmad Al-Sharaa, y el jefe de las Fuerzas Democr\u00e1ticas de Siria (FDS) firmaron un acuerdo que estipula la integraci\u00f3n de las Fuerzas Democr\u00e1ticas Sirias (FDS) en las instituciones de la Rep\u00fablica \u00c1rabe Siria, enfatizando la unidad del territorio sirio y rechazando la divisi\u00f3n.<\/p>\n","protected":false},"author":31,"featured_media":348391,"comment_status":"closed","ping_status":"closed","sticky":false,"template":"","format":"standard","meta":{"footnotes":""},"categories":[597,476,583],"tags":[],"class_list":["post-348386","post","type-post","status-publish","format-standard","has-post-thumbnail","","category-cinta-de-noticias","category-locales","category-slide"],"_links":{"self":[{"href":"https:\/\/archive.sana.sy\/es\/index.php?rest_route=\/wp\/v2\/posts\/348386"}],"collection":[{"href":"https:\/\/archive.sana.sy\/es\/index.php?rest_route=\/wp\/v2\/posts"}],"about":[{"href":"https:\/\/archive.sana.sy\/es\/index.php?rest_route=\/wp\/v2\/types\/post"}],"author":[{"embeddable":true,"href":"https:\/\/archive.sana.sy\/es\/index.php?rest_route=\/wp\/v2\/users\/31"}],"replies":[{"embeddable":true,"href":"https:\/\/archive.sana.sy\/es\/index.php?rest_route=%2Fwp%2Fv2%2Fcomments&post=348386"}],"version-history":[{"count":1,"href":"https:\/\/archive.sana.sy\/es\/index.php?rest_route=\/wp\/v2\/posts\/348386\/revisions"}],"predecessor-version":[{"id":348390,"href":"https:\/\/archive.sana.sy\/es\/index.php?rest_route=\/wp\/v2\/posts\/348386\/revisions\/348390"}],"wp:featuredmedia":[{"embeddable":true,"href":"https:\/\/archive.sana.sy\/es\/index.php?rest_route=\/wp\/v2\/media\/348391"}],"wp:attachment":[{"href":"https:\/\/archive.sana.sy\/es\/index.php?rest_route=%2Fwp%2Fv2%2Fmedia&parent=348386"}],"wp:term":[{"taxonomy":"category","embeddable":true,"href":"https:\/\/archive.sana.sy\/es\/index.php?rest_route=%2Fwp%2Fv2%2Fcategories&post=348386"},{"taxonomy":"post_tag","embeddable":true,"href":"https:\/\/archive.sana.sy\/es\/index.php?rest_route=%2Fwp%2Fv2%2Ftags&post=348386"}],"curies":[{"name":"wp","href":"https:\/\/api.w.org\/{rel}","templated":true}]}}