{"id":348399,"date":"2025-03-11T07:17:10","date_gmt":"2025-03-11T04:17:10","guid":{"rendered":"https:\/\/sana.sy\/es\/?p=348399"},"modified":"2025-03-11T07:17:10","modified_gmt":"2025-03-11T04:17:10","slug":"hama-celebra-acuerdo-entre-fds-y-el-estado-sirio","status":"publish","type":"post","link":"https:\/\/archive.sana.sy\/es\/?p=348399","title":{"rendered":"Hama celebra acuerdo entre FDS y el Estado sirio"},"content":{"rendered":"<p style=\"text-align: justify;\"><span style=\"color: #800000;\"><strong>Hama, 11 mar (SANA)\u00a0<\/strong><\/span> \u00a0La emblem\u00e1tica plaza Al-Asi de la ciudad de Hama fue testigo de una concentraci\u00f3n de miles de ciudadanos que celebraron la firma del acuerdo sobre la integraci\u00f3n de las Fuerzas Democr\u00e1ticas Sirias (FDS) en las instituciones de la Rep\u00fablica \u00c1rabe Siria.<\/p>\n<p style=\"text-align: justify;\">Las multitudes expresaron su inmensa alegr\u00eda y gran felicidad por este acuerdo hist\u00f3rico, que abre una nueva etapa llena de esperanza en la construcci\u00f3n de una nueva Siria que re\u00fana a todo su pueblo y a todas las gobernaciones de toda la geograf\u00eda del pa\u00eds.<\/p>\n<p style=\"text-align: justify;\">Multitudes de ciudadanos corearon consignas que acogen con agrado este acuerdo que culmina una rotunda victoria sobre el r\u00e9gimen depuesto.<\/p>\n","protected":false},"excerpt":{"rendered":"<p>Hama, 11 mar (SANA)\u00a0 \u00a0La emblem\u00e1tica plaza Al-Asi de la ciudad de Hama fue testigo de una concentraci\u00f3n de miles de ciudadanos que celebraron la firma del acuerdo sobre la integraci\u00f3n de las Fuerzas Democr\u00e1ticas Sirias (FDS) en las instituciones de la Rep\u00fablica \u00c1rabe Siria. Las multitudes expresaron su inmensa alegr\u00eda y gran felicidad por &hellip;<\/p>\n","protected":false},"author":34,"featured_media":348400,"comment_status":"closed","ping_status":"closed","sticky":false,"template":"","format":"standard","meta":{"footnotes":""},"categories":[477,447,597,20724,476,7541],"tags":[],"class_list":["post-348399","post","type-post","status-publish","format-standard","has-post-thumbnail","","category-noticias-edulcorantes","category-local-politica","category-cinta-de-noticias","category-minuto-a-minuto","category-locales","category-ultimas-noticias"],"_links":{"self":[{"href":"https:\/\/archive.sana.sy\/es\/index.php?rest_route=\/wp\/v2\/posts\/348399"}],"collection":[{"href":"https:\/\/archive.sana.sy\/es\/index.php?rest_route=\/wp\/v2\/posts"}],"about":[{"href":"https:\/\/archive.sana.sy\/es\/index.php?rest_route=\/wp\/v2\/types\/post"}],"author":[{"embeddable":true,"href":"https:\/\/archive.sana.sy\/es\/index.php?rest_route=\/wp\/v2\/users\/34"}],"replies":[{"embeddable":true,"href":"https:\/\/archive.sana.sy\/es\/index.php?rest_route=%2Fwp%2Fv2%2Fcomments&post=348399"}],"version-history":[{"count":1,"href":"https:\/\/archive.sana.sy\/es\/index.php?rest_route=\/wp\/v2\/posts\/348399\/revisions"}],"predecessor-version":[{"id":348401,"href":"https:\/\/archive.sana.sy\/es\/index.php?rest_route=\/wp\/v2\/posts\/348399\/revisions\/348401"}],"wp:featuredmedia":[{"embeddable":true,"href":"https:\/\/archive.sana.sy\/es\/index.php?rest_route=\/wp\/v2\/media\/348400"}],"wp:attachment":[{"href":"https:\/\/archive.sana.sy\/es\/index.php?rest_route=%2Fwp%2Fv2%2Fmedia&parent=348399"}],"wp:term":[{"taxonomy":"category","embeddable":true,"href":"https:\/\/archive.sana.sy\/es\/index.php?rest_route=%2Fwp%2Fv2%2Fcategories&post=348399"},{"taxonomy":"post_tag","embeddable":true,"href":"https:\/\/archive.sana.sy\/es\/index.php?rest_route=%2Fwp%2Fv2%2Ftags&post=348399"}],"curies":[{"name":"wp","href":"https:\/\/api.w.org\/{rel}","templated":true}]}}