{"id":348402,"date":"2025-03-11T10:11:20","date_gmt":"2025-03-11T07:11:20","guid":{"rendered":"https:\/\/sana.sy\/es\/?p=348402"},"modified":"2025-03-11T10:11:20","modified_gmt":"2025-03-11T07:11:20","slug":"arabia-saudita-saluda-integrar-las-fds-en-instituciones-estatales-de-siria","status":"publish","type":"post","link":"https:\/\/archive.sana.sy\/es\/?p=348402","title":{"rendered":"Arabia Saudita saluda integrar las FDS en instituciones estatales de Siria"},"content":{"rendered":"<p style=\"text-align: justify;\"><span style=\"color: #800000;\">Arabia Saudita, 11 mar (SANA)\u00a0<\/span> El Reino de Arabia Saudita acogi\u00f3 con satisfacci\u00f3n el acuerdo para integrar las Fuerzas Democr\u00e1ticas Sirias (FDS) en las instituciones de la Rep\u00fablica \u00c1rabe Siria.<\/p>\n<p style=\"text-align: justify;\">El Ministerio de Asuntos Exteriores de Arabia Saudita elogi\u00f3, en un comunicado publicado por la Agencia de Prensa Saudita, las medidas adoptadas por el liderazgo sirio para preservar la paz civil en Siria, y los esfuerzos realizados para completar el proceso de construcci\u00f3n de instituciones estatales, de manera que se logre la estabilidad y se satisfagan las aspiraciones del hermano pueblo sirio.<\/p>\n<p style=\"text-align: justify;\">El Reino reiter\u00f3 su pleno apoyo a la unidad, soberan\u00eda e integridad territorial de Siria.<\/p>\n<p style=\"text-align: justify;\">La Presidencia de la Rep\u00fablica \u00c1rabe Siria anunci\u00f3 la firma de un acuerdo que estipula la integraci\u00f3n de las Fuerzas Democr\u00e1ticas Sirias en las instituciones del Estado.<\/p>\n<p style=\"text-align: justify;\">\n","protected":false},"excerpt":{"rendered":"<p>Arabia Saudita, 11 mar (SANA)\u00a0 El Reino de Arabia Saudita acogi\u00f3 con satisfacci\u00f3n el acuerdo para integrar las Fuerzas Democr\u00e1ticas Sirias (FDS) en las instituciones de la Rep\u00fablica \u00c1rabe Siria. El Ministerio de Asuntos Exteriores de Arabia Saudita elogi\u00f3, en un comunicado publicado por la Agencia de Prensa Saudita, las medidas adoptadas por el liderazgo &hellip;<\/p>\n","protected":false},"author":32,"featured_media":348403,"comment_status":"closed","ping_status":"closed","sticky":false,"template":"","format":"standard","meta":{"footnotes":""},"categories":[597,467,7541],"tags":[],"class_list":["post-348402","post","type-post","status-publish","format-standard","has-post-thumbnail","","category-cinta-de-noticias","category-siria-y-el-mundo","category-ultimas-noticias"],"_links":{"self":[{"href":"https:\/\/archive.sana.sy\/es\/index.php?rest_route=\/wp\/v2\/posts\/348402"}],"collection":[{"href":"https:\/\/archive.sana.sy\/es\/index.php?rest_route=\/wp\/v2\/posts"}],"about":[{"href":"https:\/\/archive.sana.sy\/es\/index.php?rest_route=\/wp\/v2\/types\/post"}],"author":[{"embeddable":true,"href":"https:\/\/archive.sana.sy\/es\/index.php?rest_route=\/wp\/v2\/users\/32"}],"replies":[{"embeddable":true,"href":"https:\/\/archive.sana.sy\/es\/index.php?rest_route=%2Fwp%2Fv2%2Fcomments&post=348402"}],"version-history":[{"count":1,"href":"https:\/\/archive.sana.sy\/es\/index.php?rest_route=\/wp\/v2\/posts\/348402\/revisions"}],"predecessor-version":[{"id":348404,"href":"https:\/\/archive.sana.sy\/es\/index.php?rest_route=\/wp\/v2\/posts\/348402\/revisions\/348404"}],"wp:featuredmedia":[{"embeddable":true,"href":"https:\/\/archive.sana.sy\/es\/index.php?rest_route=\/wp\/v2\/media\/348403"}],"wp:attachment":[{"href":"https:\/\/archive.sana.sy\/es\/index.php?rest_route=%2Fwp%2Fv2%2Fmedia&parent=348402"}],"wp:term":[{"taxonomy":"category","embeddable":true,"href":"https:\/\/archive.sana.sy\/es\/index.php?rest_route=%2Fwp%2Fv2%2Fcategories&post=348402"},{"taxonomy":"post_tag","embeddable":true,"href":"https:\/\/archive.sana.sy\/es\/index.php?rest_route=%2Fwp%2Fv2%2Ftags&post=348402"}],"curies":[{"name":"wp","href":"https:\/\/api.w.org\/{rel}","templated":true}]}}