{"id":348408,"date":"2025-03-11T12:40:26","date_gmt":"2025-03-11T09:40:26","guid":{"rendered":"https:\/\/sana.sy\/es\/?p=348408"},"modified":"2025-03-11T12:40:26","modified_gmt":"2025-03-11T09:40:26","slug":"schneck-el-acuerdo-entre-el-estado-sirio-y-las-fds-es-una-oportunidad-historica-para-lograr-un-futuro-mejor","status":"publish","type":"post","link":"https:\/\/archive.sana.sy\/es\/?p=348408","title":{"rendered":"Schneck: El acuerdo entre el Estado sirio y las FDS es una oportunidad hist\u00f3rica para lograr un futuro mejor"},"content":{"rendered":"<p style=\"text-align: justify;\"><span style=\"color: #800000;\">Damasco, 11 mar (SANA)\u00a0<\/span> El enviado especial de Alemania para Siria, Stefan Schneck, destac\u00f3 que el acuerdo para integrar las Fuerzas Democr\u00e1ticas Sirias en las instituciones de la Rep\u00fablica \u00c1rabe Siria representa una oportunidad hist\u00f3rica para lograr una paz permanente en Siria y la regi\u00f3n.<\/p>\n<p style=\"text-align: justify;\">En su declaraci\u00f3n a North Press, Schneck se\u00f1al\u00f3 que el lema de la Uni\u00f3n Europea es \u201cunidad en la diversidad\u201d y Siria tambi\u00e9n debe ser capaz de mantener su unidad pol\u00edtica y diversidad cultural al mismo tiempo, y despu\u00e9s del audaz paso dado en el marco del acuerdo, hay grandes esperanzas de su \u00e9xito.<\/p>\n","protected":false},"excerpt":{"rendered":"<p>Damasco, 11 mar (SANA)\u00a0 El enviado especial de Alemania para Siria, Stefan Schneck, destac\u00f3 que el acuerdo para integrar las Fuerzas Democr\u00e1ticas Sirias en las instituciones de la Rep\u00fablica \u00c1rabe Siria representa una oportunidad hist\u00f3rica para lograr una paz permanente en Siria y la regi\u00f3n. En su declaraci\u00f3n a North Press, Schneck se\u00f1al\u00f3 que el &hellip;<\/p>\n","protected":false},"author":32,"featured_media":348409,"comment_status":"closed","ping_status":"closed","sticky":false,"template":"","format":"standard","meta":{"footnotes":""},"categories":[597,20724,467,7541],"tags":[],"class_list":["post-348408","post","type-post","status-publish","format-standard","has-post-thumbnail","","category-cinta-de-noticias","category-minuto-a-minuto","category-siria-y-el-mundo","category-ultimas-noticias"],"_links":{"self":[{"href":"https:\/\/archive.sana.sy\/es\/index.php?rest_route=\/wp\/v2\/posts\/348408"}],"collection":[{"href":"https:\/\/archive.sana.sy\/es\/index.php?rest_route=\/wp\/v2\/posts"}],"about":[{"href":"https:\/\/archive.sana.sy\/es\/index.php?rest_route=\/wp\/v2\/types\/post"}],"author":[{"embeddable":true,"href":"https:\/\/archive.sana.sy\/es\/index.php?rest_route=\/wp\/v2\/users\/32"}],"replies":[{"embeddable":true,"href":"https:\/\/archive.sana.sy\/es\/index.php?rest_route=%2Fwp%2Fv2%2Fcomments&post=348408"}],"version-history":[{"count":1,"href":"https:\/\/archive.sana.sy\/es\/index.php?rest_route=\/wp\/v2\/posts\/348408\/revisions"}],"predecessor-version":[{"id":348410,"href":"https:\/\/archive.sana.sy\/es\/index.php?rest_route=\/wp\/v2\/posts\/348408\/revisions\/348410"}],"wp:featuredmedia":[{"embeddable":true,"href":"https:\/\/archive.sana.sy\/es\/index.php?rest_route=\/wp\/v2\/media\/348409"}],"wp:attachment":[{"href":"https:\/\/archive.sana.sy\/es\/index.php?rest_route=%2Fwp%2Fv2%2Fmedia&parent=348408"}],"wp:term":[{"taxonomy":"category","embeddable":true,"href":"https:\/\/archive.sana.sy\/es\/index.php?rest_route=%2Fwp%2Fv2%2Fcategories&post=348408"},{"taxonomy":"post_tag","embeddable":true,"href":"https:\/\/archive.sana.sy\/es\/index.php?rest_route=%2Fwp%2Fv2%2Ftags&post=348408"}],"curies":[{"name":"wp","href":"https:\/\/api.w.org\/{rel}","templated":true}]}}