{"id":34844,"date":"2015-12-09T12:38:44","date_gmt":"2015-12-09T10:38:44","guid":{"rendered":"http:\/\/www.sana.sy\/es\/?p=34844"},"modified":"2015-12-09T15:25:45","modified_gmt":"2015-12-09T13:25:45","slug":"siria-reitera-apoyo-a-las-justas-exigencias-de-corea-del-norte-para-resolver-pacificamente-la-situacion-en-la-peninsula-coreana","status":"publish","type":"post","link":"https:\/\/archive.sana.sy\/es\/?p=34844","title":{"rendered":"Siria reitera apoyo a las justas exigencias de Corea del Norte para resolver pac\u00edficamente la situaci\u00f3n en la pen\u00ednsula coreana"},"content":{"rendered":"<div><span lang=\"ES-TRAD\" style=\"color: #800000\">Damasco, SANA<\/span><\/div>\n<div><\/div>\n<div><span lang=\"ES-TRAD\">La Rep\u00fablica \u00c1rabe Siria reafirm\u00f3 su apoyo a la justa demanda de la Rep\u00fablica Popular Democr\u00e1tica de Corea para solucionar la situaci\u00f3n en la pen\u00ednsula coreana de forma pac\u00edfica, y su invitaci\u00f3n a Estados Unidos para firmar un acuerdo de paz que consolide la confianza, ponga fin al estado de guerra entre las dos Coreas y restablezca la seguridad y la estabilidad en la pen\u00ednsula coreana.<\/span><\/div>\n<div><\/div>\n<div><span lang=\"ES-TRAD\">En un comunicado, el Ministerio de Exteriores y Expatriados dijo que la postura siria parte del inter\u00e9s que tiene el gobierno de la Rep\u00fablica \u00c1rabe Siria en la instauraci\u00f3n de la paz y la seguridad en la pen\u00ednsula coreana y de sus compromisos con los principios de las Naciones Unidas que instan a los Estados para lograr la paz y la seguridad a nivel internacional.<\/span><\/div>\n<div><\/div>\n<div><span lang=\"ES-TRAD\">El comunicado enfatiza que Damasco apoya la justa demanda de Rep\u00fablica Popular Democr\u00e1tica de Corea para resolver la situaci\u00f3n en la pen\u00ednsula coreana de forma pac\u00edfica y eliminar el fantasma de la guerra que amenaza la paz y la seguridad, regional e internacional.<\/span><\/div>\n<div><\/div>\n<div><span lang=\"ES-TRAD\">Adem\u00e1s, agrega que Siria respalda tambi\u00e9n la invitaci\u00f3n que hizo el gobierno norcoreano a Estados Unidos para alcanzar un acuerdo de paz que refuerce la confianza y ponga fin al estado de guerra entre las dos Coreas.<\/span><\/div>\n<div><\/div>\n<div><span lang=\"ES-TRAD\">Canciller\u00eda destac\u00f3 al final de su comunicado, que Siria aspira a que llegue el d\u00eda en que el pueblo coreano logre la unificaci\u00f3n de la naci\u00f3n coreana con la voluntad de su pueblo y sin injerencias externas, y en consonancia con las aspiraciones de los dirigentes de Corea del Norte y su enfoque.<\/span><\/div>\n<div><\/div>\n<div><\/div>\n<div><\/div>\n<div>Fady M., Lynn A.<\/div>\n","protected":false},"excerpt":{"rendered":"<p>Damasco, SANA La Rep\u00fablica \u00c1rabe Siria reafirm\u00f3 su apoyo a la justa demanda de la Rep\u00fablica Popular Democr\u00e1tica de Corea para solucionar la situaci\u00f3n en la pen\u00ednsula coreana de forma pac\u00edfica, y su invitaci\u00f3n a Estados Unidos para firmar un acuerdo de paz que consolide la confianza, ponga fin al estado de guerra entre las &hellip;<\/p>\n","protected":false},"author":24,"featured_media":34845,"comment_status":"closed","ping_status":"closed","sticky":false,"template":"","format":"standard","meta":{"footnotes":""},"categories":[477,476,583],"tags":[],"class_list":["post-34844","post","type-post","status-publish","format-standard","has-post-thumbnail","","category-noticias-edulcorantes","category-locales","category-slide"],"_links":{"self":[{"href":"https:\/\/archive.sana.sy\/es\/index.php?rest_route=\/wp\/v2\/posts\/34844"}],"collection":[{"href":"https:\/\/archive.sana.sy\/es\/index.php?rest_route=\/wp\/v2\/posts"}],"about":[{"href":"https:\/\/archive.sana.sy\/es\/index.php?rest_route=\/wp\/v2\/types\/post"}],"author":[{"embeddable":true,"href":"https:\/\/archive.sana.sy\/es\/index.php?rest_route=\/wp\/v2\/users\/24"}],"replies":[{"embeddable":true,"href":"https:\/\/archive.sana.sy\/es\/index.php?rest_route=%2Fwp%2Fv2%2Fcomments&post=34844"}],"version-history":[{"count":0,"href":"https:\/\/archive.sana.sy\/es\/index.php?rest_route=\/wp\/v2\/posts\/34844\/revisions"}],"wp:featuredmedia":[{"embeddable":true,"href":"https:\/\/archive.sana.sy\/es\/index.php?rest_route=\/wp\/v2\/media\/34845"}],"wp:attachment":[{"href":"https:\/\/archive.sana.sy\/es\/index.php?rest_route=%2Fwp%2Fv2%2Fmedia&parent=34844"}],"wp:term":[{"taxonomy":"category","embeddable":true,"href":"https:\/\/archive.sana.sy\/es\/index.php?rest_route=%2Fwp%2Fv2%2Fcategories&post=34844"},{"taxonomy":"post_tag","embeddable":true,"href":"https:\/\/archive.sana.sy\/es\/index.php?rest_route=%2Fwp%2Fv2%2Ftags&post=34844"}],"curies":[{"name":"wp","href":"https:\/\/api.w.org\/{rel}","templated":true}]}}