{"id":348455,"date":"2025-03-11T17:44:44","date_gmt":"2025-03-11T14:44:44","guid":{"rendered":"https:\/\/sana.sy\/es\/?p=348455"},"modified":"2025-03-11T17:44:54","modified_gmt":"2025-03-11T14:44:54","slug":"vecinos-de-quneitra-llaman-a-cerrar-filas-ante-intentos-destinados-a-dividir-a-siria","status":"publish","type":"post","link":"https:\/\/archive.sana.sy\/es\/?p=348455","title":{"rendered":"Vecinos de Quneitra llaman a cerrar filas ante intentos destinados a dividir a Siria"},"content":{"rendered":"<p style=\"text-align: justify\"><span style=\"color: #800000\"><strong>Quneitra, 11 mar (SANA)<\/strong><\/span> la ciudad de Khan Arnabeh\u00a0 en la provincia de Quneitra fue escenario de una concentraci\u00f3n masiva para celebrar la firma del acuerdo relacionado con la integraci\u00f3n de las Fuerzas Democr\u00e1ticas Sirias (FDS) en las instituciones de la Rep\u00fablica \u00c1rabe Siria.<\/p>\n<p style=\"text-align: justify\">Los manifestantes destacaron la importancia de este acuerdo para ampliar el control del Estado sobre todo el territorio sirio, reiterando su apoyo a la soberan\u00eda e integridad territorial del pa\u00eds.<\/p>\n<p style=\"text-align: justify\">De igual manera, dirigieron un llamado a la comunidad internacional y a las Naciones Unidas para que ejerzan presi\u00f3n sobre \u00a0las autoridades israel\u00edes a que se retiren de los territorios sirios ocupados por sus fuerzas.<\/p>\n<p style=\"text-align: justify\">Destacaron la necesidad de cerras filas ante todos los intentos destinados a dividir a Siria en beneficio de agendas extranjeras.<\/p>\n<p style=\"text-align: justify\">\n","protected":false},"excerpt":{"rendered":"<p>Quneitra, 11 mar (SANA) la ciudad de Khan Arnabeh\u00a0 en la provincia de Quneitra fue escenario de una concentraci\u00f3n masiva para celebrar la firma del acuerdo relacionado con la integraci\u00f3n de las Fuerzas Democr\u00e1ticas Sirias (FDS) en las instituciones de la Rep\u00fablica \u00c1rabe Siria. Los manifestantes destacaron la importancia de este acuerdo para ampliar el &hellip;<\/p>\n","protected":false},"author":24,"featured_media":348456,"comment_status":"closed","ping_status":"closed","sticky":false,"template":"","format":"standard","meta":{"footnotes":""},"categories":[447,597,20724,476,448,7541],"tags":[],"class_list":["post-348455","post","type-post","status-publish","format-standard","has-post-thumbnail","","category-local-politica","category-cinta-de-noticias","category-minuto-a-minuto","category-locales","category-noticias","category-ultimas-noticias"],"_links":{"self":[{"href":"https:\/\/archive.sana.sy\/es\/index.php?rest_route=\/wp\/v2\/posts\/348455"}],"collection":[{"href":"https:\/\/archive.sana.sy\/es\/index.php?rest_route=\/wp\/v2\/posts"}],"about":[{"href":"https:\/\/archive.sana.sy\/es\/index.php?rest_route=\/wp\/v2\/types\/post"}],"author":[{"embeddable":true,"href":"https:\/\/archive.sana.sy\/es\/index.php?rest_route=\/wp\/v2\/users\/24"}],"replies":[{"embeddable":true,"href":"https:\/\/archive.sana.sy\/es\/index.php?rest_route=%2Fwp%2Fv2%2Fcomments&post=348455"}],"version-history":[{"count":2,"href":"https:\/\/archive.sana.sy\/es\/index.php?rest_route=\/wp\/v2\/posts\/348455\/revisions"}],"predecessor-version":[{"id":348458,"href":"https:\/\/archive.sana.sy\/es\/index.php?rest_route=\/wp\/v2\/posts\/348455\/revisions\/348458"}],"wp:featuredmedia":[{"embeddable":true,"href":"https:\/\/archive.sana.sy\/es\/index.php?rest_route=\/wp\/v2\/media\/348456"}],"wp:attachment":[{"href":"https:\/\/archive.sana.sy\/es\/index.php?rest_route=%2Fwp%2Fv2%2Fmedia&parent=348455"}],"wp:term":[{"taxonomy":"category","embeddable":true,"href":"https:\/\/archive.sana.sy\/es\/index.php?rest_route=%2Fwp%2Fv2%2Fcategories&post=348455"},{"taxonomy":"post_tag","embeddable":true,"href":"https:\/\/archive.sana.sy\/es\/index.php?rest_route=%2Fwp%2Fv2%2Ftags&post=348455"}],"curies":[{"name":"wp","href":"https:\/\/api.w.org\/{rel}","templated":true}]}}