{"id":348459,"date":"2025-03-11T18:04:55","date_gmt":"2025-03-11T15:04:55","guid":{"rendered":"https:\/\/sana.sy\/es\/?p=348459"},"modified":"2025-03-11T18:05:55","modified_gmt":"2025-03-11T15:05:55","slug":"canciller-sirio-esta-invitado-a-asistir-a-la-conferencia-de-apoyo-a-siria-senalar-portavoz-de-la-ue","status":"publish","type":"post","link":"https:\/\/archive.sana.sy\/es\/?p=348459","title":{"rendered":"Canciller sirio est\u00e1 invitado a asistir a la Conferencia de Apoyo a Siria, se\u00f1ala portavoz de la UE"},"content":{"rendered":"<p style=\"text-align: justify\"><span style=\"color: #800000\"><strong>Bruselas, 11 mar (SANA)<\/strong> <\/span>La portavoz de la Uni\u00f3n Europea, Anitta Hipper, confirm\u00f3 que la \u201cConferencia de Apoyo a Siria\u201d, que se celebrar\u00e1 en la capital belga, Bruselas, el 17 de marzo, ser\u00e1 una oportunidad para intercambiar puntos de vista con las autoridades sirias.<\/p>\n<p style=\"text-align: justify\">En una declaraci\u00f3n emitida este martes, Hipper explic\u00f3 que la conferencia ser\u00e1 de hecho una ocasi\u00f3n importante para seguir intercambiando puntos de vista con las autoridades sirias sobre la situaci\u00f3n en el terreno, y tambi\u00e9n para entender c\u00f3mo brindar la mejor ayuda.<\/p>\n<p style=\"text-align: justify\">\u00a0Destac\u00f3 que la UE no debe escatimar esfuerzos para apoyar una transici\u00f3n pac\u00edfica y completa lejos de cualquier interferencia extranjera que garantice los derechos de todos los sirios sin discriminaci\u00f3n.<\/p>\n<p style=\"text-align: justify\">Inform\u00f3 que el ministro de Asuntos Exteriores de Siria, Asaad Al-Shaibani, recibi\u00f3 una invitaci\u00f3n para asistir a esta conferencia.<\/p>\n","protected":false},"excerpt":{"rendered":"<p>Bruselas, 11 mar (SANA) La portavoz de la Uni\u00f3n Europea, Anitta Hipper, confirm\u00f3 que la \u201cConferencia de Apoyo a Siria\u201d, que se celebrar\u00e1 en la capital belga, Bruselas, el 17 de marzo, ser\u00e1 una oportunidad para intercambiar puntos de vista con las autoridades sirias. En una declaraci\u00f3n emitida este martes, Hipper explic\u00f3 que la conferencia &hellip;<\/p>\n","protected":false},"author":24,"featured_media":348460,"comment_status":"closed","ping_status":"closed","sticky":false,"template":"","format":"standard","meta":{"footnotes":""},"categories":[597,20724,467,7541],"tags":[],"class_list":["post-348459","post","type-post","status-publish","format-standard","has-post-thumbnail","","category-cinta-de-noticias","category-minuto-a-minuto","category-siria-y-el-mundo","category-ultimas-noticias"],"_links":{"self":[{"href":"https:\/\/archive.sana.sy\/es\/index.php?rest_route=\/wp\/v2\/posts\/348459"}],"collection":[{"href":"https:\/\/archive.sana.sy\/es\/index.php?rest_route=\/wp\/v2\/posts"}],"about":[{"href":"https:\/\/archive.sana.sy\/es\/index.php?rest_route=\/wp\/v2\/types\/post"}],"author":[{"embeddable":true,"href":"https:\/\/archive.sana.sy\/es\/index.php?rest_route=\/wp\/v2\/users\/24"}],"replies":[{"embeddable":true,"href":"https:\/\/archive.sana.sy\/es\/index.php?rest_route=%2Fwp%2Fv2%2Fcomments&post=348459"}],"version-history":[{"count":2,"href":"https:\/\/archive.sana.sy\/es\/index.php?rest_route=\/wp\/v2\/posts\/348459\/revisions"}],"predecessor-version":[{"id":348462,"href":"https:\/\/archive.sana.sy\/es\/index.php?rest_route=\/wp\/v2\/posts\/348459\/revisions\/348462"}],"wp:featuredmedia":[{"embeddable":true,"href":"https:\/\/archive.sana.sy\/es\/index.php?rest_route=\/wp\/v2\/media\/348460"}],"wp:attachment":[{"href":"https:\/\/archive.sana.sy\/es\/index.php?rest_route=%2Fwp%2Fv2%2Fmedia&parent=348459"}],"wp:term":[{"taxonomy":"category","embeddable":true,"href":"https:\/\/archive.sana.sy\/es\/index.php?rest_route=%2Fwp%2Fv2%2Fcategories&post=348459"},{"taxonomy":"post_tag","embeddable":true,"href":"https:\/\/archive.sana.sy\/es\/index.php?rest_route=%2Fwp%2Fv2%2Ftags&post=348459"}],"curies":[{"name":"wp","href":"https:\/\/api.w.org\/{rel}","templated":true}]}}