{"id":34847,"date":"2015-12-09T15:42:27","date_gmt":"2015-12-09T13:42:27","guid":{"rendered":"http:\/\/www.sana.sy\/es\/?p=34847"},"modified":"2015-12-09T16:04:38","modified_gmt":"2015-12-09T14:04:38","slug":"sale-el-primer-grupo-de-armados-del-distrito-al-waer-en-homs","status":"publish","type":"post","link":"https:\/\/archive.sana.sy\/es\/?p=34847","title":{"rendered":"Sale el primer grupo de armados del distrito al-Waer en Homs"},"content":{"rendered":"<p><span style=\"color: #800000\">Homs, SANA<\/span><\/p>\n<p>El gobernador de Homs, Talal Barazi, anunci\u00f3 en una declaraci\u00f3n a la prensa, la salida del primer grupo de armados que quieren salir del distrito al-Waer en la ciudad de Homs, en el centro de Siria.<\/p>\n<p>Barazi dijo que la salida del primer grupo de armados forma parte de la aplicaci\u00f3n del acuerdo alcanzado bajo los auspicios de las Naciones Unidas y la Media Luna Roja \u00c1rabe Siria.<\/p>\n<p>El gobernador de Homs hab\u00eda declarado el martes que el trabajo est\u00e1 en marcha para aplicar el acuerdo alcanzado por los comit\u00e9s para evacuar al barrio de al-Waer de los armados.<\/p>\n<p>La primera fase del acuerdo es de 15 d\u00edas, durante los cual se aplica una tregua y se facilita el flujo de materiales de socorro y alimentos, y los comit\u00e9s competentes estudian la situaci\u00f3n de los detenidos y secuestrados.<\/p>\n<p>En la segunda fase, se normalizar\u00e1 el status jur\u00eddico de los hombres armados que deseen volver a su vida normal &#8220;, y en la segunda y tercera fase, volver\u00e1n a operar en el barrio todas las instituciones estatales.<\/p>\n<p>Al final de la tercera fase el barrio se declarar\u00e1 libre de las armas y los armados, y ser\u00e1 bajo la supervisi\u00f3n y la autoridad del Estado.&#8221;<\/p>\n<p>Fady M., Lynn A.<\/p>\n","protected":false},"excerpt":{"rendered":"<p>Homs, SANA El gobernador de Homs, Talal Barazi, anunci\u00f3 en una declaraci\u00f3n a la prensa, la salida del primer grupo de armados que quieren salir del distrito al-Waer en la ciudad de Homs, en el centro de Siria. Barazi dijo que la salida del primer grupo de armados forma parte de la aplicaci\u00f3n del acuerdo &hellip;<\/p>\n","protected":false},"author":24,"featured_media":34848,"comment_status":"closed","ping_status":"closed","sticky":false,"template":"","format":"standard","meta":{"footnotes":""},"categories":[597,476,7541],"tags":[],"class_list":["post-34847","post","type-post","status-publish","format-standard","has-post-thumbnail","","category-cinta-de-noticias","category-locales","category-ultimas-noticias"],"_links":{"self":[{"href":"https:\/\/archive.sana.sy\/es\/index.php?rest_route=\/wp\/v2\/posts\/34847"}],"collection":[{"href":"https:\/\/archive.sana.sy\/es\/index.php?rest_route=\/wp\/v2\/posts"}],"about":[{"href":"https:\/\/archive.sana.sy\/es\/index.php?rest_route=\/wp\/v2\/types\/post"}],"author":[{"embeddable":true,"href":"https:\/\/archive.sana.sy\/es\/index.php?rest_route=\/wp\/v2\/users\/24"}],"replies":[{"embeddable":true,"href":"https:\/\/archive.sana.sy\/es\/index.php?rest_route=%2Fwp%2Fv2%2Fcomments&post=34847"}],"version-history":[{"count":0,"href":"https:\/\/archive.sana.sy\/es\/index.php?rest_route=\/wp\/v2\/posts\/34847\/revisions"}],"wp:featuredmedia":[{"embeddable":true,"href":"https:\/\/archive.sana.sy\/es\/index.php?rest_route=\/wp\/v2\/media\/34848"}],"wp:attachment":[{"href":"https:\/\/archive.sana.sy\/es\/index.php?rest_route=%2Fwp%2Fv2%2Fmedia&parent=34847"}],"wp:term":[{"taxonomy":"category","embeddable":true,"href":"https:\/\/archive.sana.sy\/es\/index.php?rest_route=%2Fwp%2Fv2%2Fcategories&post=34847"},{"taxonomy":"post_tag","embeddable":true,"href":"https:\/\/archive.sana.sy\/es\/index.php?rest_route=%2Fwp%2Fv2%2Ftags&post=34847"}],"curies":[{"name":"wp","href":"https:\/\/api.w.org\/{rel}","templated":true}]}}