{"id":348477,"date":"2025-03-12T08:03:47","date_gmt":"2025-03-12T05:03:47","guid":{"rendered":"https:\/\/sana.sy\/es\/?p=348477"},"modified":"2025-03-12T08:03:47","modified_gmt":"2025-03-12T05:03:47","slug":"cancilleria-condena-ataques-contra-sirios-en-iraq","status":"publish","type":"post","link":"https:\/\/archive.sana.sy\/es\/?p=348477","title":{"rendered":"Canciller\u00eda condena ataques contra sirios en Iraq"},"content":{"rendered":"<p style=\"text-align: justify;\"><span style=\"color: #800000;\"><strong>Damasco, 12 mar (SANA)\u00a0<\/strong> <\/span>El Ministerio de Asuntos Exteriores y Expatriados conden\u00f3 los ataques contra sirios en Iraq, y consider\u00f3 que estas acciones constituyen una violaci\u00f3n de los derechos humanos y del derecho internacional.<\/p>\n<p style=\"text-align: justify;\">En un comunicado publicado hoy en su canal de Telegram, el Ministerio reafirm\u00f3 el pleno apoyo a los sirios e hizo un llamamiento al gobierno iraqu\u00ed para que los autores de estos cr\u00edmenes rindan cuentas y que tome todas las medidas necesarias para garantizar la seguridad de los sirios que residen en Iraq\u00bb.<\/p>\n<p style=\"text-align: justify;\">En este contexto, el Ministerio de Asuntos Exteriores afirm\u00f3 su compromiso de comunicarse estrechamente con sus socios en el gobierno iraqu\u00ed para abordar estas violaciones y adoptar medidas r\u00e1pidas y eficaces para prevenir nuevas transgresiones.<\/p>\n<p style=\"text-align: justify;\">El Ministerio de Asuntos Exteriores expres\u00f3 su confianza en la capacidad del gobierno iraqu\u00ed para hacer cumplir el estado de derecho y proteger a todas las comunidades dentro de su territorio.<\/p>\n","protected":false},"excerpt":{"rendered":"<p>Damasco, 12 mar (SANA)\u00a0 El Ministerio de Asuntos Exteriores y Expatriados conden\u00f3 los ataques contra sirios en Iraq, y consider\u00f3 que estas acciones constituyen una violaci\u00f3n de los derechos humanos y del derecho internacional. En un comunicado publicado hoy en su canal de Telegram, el Ministerio reafirm\u00f3 el pleno apoyo a los sirios e hizo &hellip;<\/p>\n","protected":false},"author":34,"featured_media":348341,"comment_status":"closed","ping_status":"closed","sticky":false,"template":"","format":"standard","meta":{"footnotes":""},"categories":[447,477,597,20724,467,7541],"tags":[],"class_list":["post-348477","post","type-post","status-publish","format-standard","has-post-thumbnail","","category-local-politica","category-noticias-edulcorantes","category-cinta-de-noticias","category-minuto-a-minuto","category-siria-y-el-mundo","category-ultimas-noticias"],"_links":{"self":[{"href":"https:\/\/archive.sana.sy\/es\/index.php?rest_route=\/wp\/v2\/posts\/348477"}],"collection":[{"href":"https:\/\/archive.sana.sy\/es\/index.php?rest_route=\/wp\/v2\/posts"}],"about":[{"href":"https:\/\/archive.sana.sy\/es\/index.php?rest_route=\/wp\/v2\/types\/post"}],"author":[{"embeddable":true,"href":"https:\/\/archive.sana.sy\/es\/index.php?rest_route=\/wp\/v2\/users\/34"}],"replies":[{"embeddable":true,"href":"https:\/\/archive.sana.sy\/es\/index.php?rest_route=%2Fwp%2Fv2%2Fcomments&post=348477"}],"version-history":[{"count":1,"href":"https:\/\/archive.sana.sy\/es\/index.php?rest_route=\/wp\/v2\/posts\/348477\/revisions"}],"predecessor-version":[{"id":348478,"href":"https:\/\/archive.sana.sy\/es\/index.php?rest_route=\/wp\/v2\/posts\/348477\/revisions\/348478"}],"wp:featuredmedia":[{"embeddable":true,"href":"https:\/\/archive.sana.sy\/es\/index.php?rest_route=\/wp\/v2\/media\/348341"}],"wp:attachment":[{"href":"https:\/\/archive.sana.sy\/es\/index.php?rest_route=%2Fwp%2Fv2%2Fmedia&parent=348477"}],"wp:term":[{"taxonomy":"category","embeddable":true,"href":"https:\/\/archive.sana.sy\/es\/index.php?rest_route=%2Fwp%2Fv2%2Fcategories&post=348477"},{"taxonomy":"post_tag","embeddable":true,"href":"https:\/\/archive.sana.sy\/es\/index.php?rest_route=%2Fwp%2Fv2%2Ftags&post=348477"}],"curies":[{"name":"wp","href":"https:\/\/api.w.org\/{rel}","templated":true}]}}