{"id":348479,"date":"2025-03-12T08:07:43","date_gmt":"2025-03-12T05:07:43","guid":{"rendered":"https:\/\/sana.sy\/es\/?p=348479"},"modified":"2025-03-12T08:07:43","modified_gmt":"2025-03-12T05:07:43","slug":"canciller-sirio-se-reune-con-ministro-aleman","status":"publish","type":"post","link":"https:\/\/archive.sana.sy\/es\/?p=348479","title":{"rendered":"Canciller sirio se re\u00fane con ministro alem\u00e1n"},"content":{"rendered":"<p style=\"text-align: justify;\"><span style=\"color: #800000;\"><strong>Damasco, 12 mar (SANA)\u00a0<\/strong> <\/span>El ministro de Asuntos Exteriores, Asaad Al-Shaibani, se reuni\u00f3 en Damasco, con Niels Annen, el ministro de Estado del Ministerio Federal de Cooperaci\u00f3n Econ\u00f3mica y Desarrollo de Alemania.<\/p>\n<p>&nbsp;<\/p>\n","protected":false},"excerpt":{"rendered":"<p>Damasco, 12 mar (SANA)\u00a0 El ministro de Asuntos Exteriores, Asaad Al-Shaibani, se reuni\u00f3 en Damasco, con Niels Annen, el ministro de Estado del Ministerio Federal de Cooperaci\u00f3n Econ\u00f3mica y Desarrollo de Alemania. &nbsp;<\/p>\n","protected":false},"author":34,"featured_media":348480,"comment_status":"closed","ping_status":"closed","sticky":false,"template":"","format":"standard","meta":{"footnotes":""},"categories":[447,477,597,20724,476,467,7541],"tags":[],"class_list":["post-348479","post","type-post","status-publish","format-standard","has-post-thumbnail","","category-local-politica","category-noticias-edulcorantes","category-cinta-de-noticias","category-minuto-a-minuto","category-locales","category-siria-y-el-mundo","category-ultimas-noticias"],"_links":{"self":[{"href":"https:\/\/archive.sana.sy\/es\/index.php?rest_route=\/wp\/v2\/posts\/348479"}],"collection":[{"href":"https:\/\/archive.sana.sy\/es\/index.php?rest_route=\/wp\/v2\/posts"}],"about":[{"href":"https:\/\/archive.sana.sy\/es\/index.php?rest_route=\/wp\/v2\/types\/post"}],"author":[{"embeddable":true,"href":"https:\/\/archive.sana.sy\/es\/index.php?rest_route=\/wp\/v2\/users\/34"}],"replies":[{"embeddable":true,"href":"https:\/\/archive.sana.sy\/es\/index.php?rest_route=%2Fwp%2Fv2%2Fcomments&post=348479"}],"version-history":[{"count":1,"href":"https:\/\/archive.sana.sy\/es\/index.php?rest_route=\/wp\/v2\/posts\/348479\/revisions"}],"predecessor-version":[{"id":348481,"href":"https:\/\/archive.sana.sy\/es\/index.php?rest_route=\/wp\/v2\/posts\/348479\/revisions\/348481"}],"wp:featuredmedia":[{"embeddable":true,"href":"https:\/\/archive.sana.sy\/es\/index.php?rest_route=\/wp\/v2\/media\/348480"}],"wp:attachment":[{"href":"https:\/\/archive.sana.sy\/es\/index.php?rest_route=%2Fwp%2Fv2%2Fmedia&parent=348479"}],"wp:term":[{"taxonomy":"category","embeddable":true,"href":"https:\/\/archive.sana.sy\/es\/index.php?rest_route=%2Fwp%2Fv2%2Fcategories&post=348479"},{"taxonomy":"post_tag","embeddable":true,"href":"https:\/\/archive.sana.sy\/es\/index.php?rest_route=%2Fwp%2Fv2%2Ftags&post=348479"}],"curies":[{"name":"wp","href":"https:\/\/api.w.org\/{rel}","templated":true}]}}