{"id":348488,"date":"2025-03-12T11:29:07","date_gmt":"2025-03-12T08:29:07","guid":{"rendered":"https:\/\/sana.sy\/es\/?p=348488"},"modified":"2025-03-12T11:30:33","modified_gmt":"2025-03-12T08:30:33","slug":"eeuu-respalda-el-pacto-de-fds-con-el-estado-sirio","status":"publish","type":"post","link":"https:\/\/archive.sana.sy\/es\/?p=348488","title":{"rendered":"EEUU respalda el pacto de FDS con el Estado Sirio"},"content":{"rendered":"<p style=\"text-align: justify;\"><span style=\"color: #800000;\"><strong>Washington, 12 mar (SANA)\u00a0<\/strong><\/span> \u00a0El Departamento de Estado de Estados Unidos expres\u00f3 su respaldo al acuerdo entre las Fuerzas Democr\u00e1ticas Siria (FDS) y el Estado sirio .<\/p>\n<p style=\"text-align: justify;\">Washington acoge con satisfacci\u00f3n el acuerdo alcanzado el 10 de marzo entre las autoridades de transici\u00f3n y las FDS para integrar el noreste del pa\u00eds \u00e1rabe bajo el control del Estado, dijo el secretario de Estado de Estados Unidos, Marco Rubio, en un comunicado<\/p>\n","protected":false},"excerpt":{"rendered":"<p>Washington, 12 mar (SANA)\u00a0 \u00a0El Departamento de Estado de Estados Unidos expres\u00f3 su respaldo al acuerdo entre las Fuerzas Democr\u00e1ticas Siria (FDS) y el Estado sirio . Washington acoge con satisfacci\u00f3n el acuerdo alcanzado el 10 de marzo entre las autoridades de transici\u00f3n y las FDS para integrar el noreste del pa\u00eds \u00e1rabe bajo el &hellip;<\/p>\n","protected":false},"author":35,"featured_media":348490,"comment_status":"closed","ping_status":"closed","sticky":false,"template":"","format":"standard","meta":{"footnotes":""},"categories":[597,20724,467,7541],"tags":[],"class_list":["post-348488","post","type-post","status-publish","format-standard","has-post-thumbnail","","category-cinta-de-noticias","category-minuto-a-minuto","category-siria-y-el-mundo","category-ultimas-noticias"],"_links":{"self":[{"href":"https:\/\/archive.sana.sy\/es\/index.php?rest_route=\/wp\/v2\/posts\/348488"}],"collection":[{"href":"https:\/\/archive.sana.sy\/es\/index.php?rest_route=\/wp\/v2\/posts"}],"about":[{"href":"https:\/\/archive.sana.sy\/es\/index.php?rest_route=\/wp\/v2\/types\/post"}],"author":[{"embeddable":true,"href":"https:\/\/archive.sana.sy\/es\/index.php?rest_route=\/wp\/v2\/users\/35"}],"replies":[{"embeddable":true,"href":"https:\/\/archive.sana.sy\/es\/index.php?rest_route=%2Fwp%2Fv2%2Fcomments&post=348488"}],"version-history":[{"count":2,"href":"https:\/\/archive.sana.sy\/es\/index.php?rest_route=\/wp\/v2\/posts\/348488\/revisions"}],"predecessor-version":[{"id":348491,"href":"https:\/\/archive.sana.sy\/es\/index.php?rest_route=\/wp\/v2\/posts\/348488\/revisions\/348491"}],"wp:featuredmedia":[{"embeddable":true,"href":"https:\/\/archive.sana.sy\/es\/index.php?rest_route=\/wp\/v2\/media\/348490"}],"wp:attachment":[{"href":"https:\/\/archive.sana.sy\/es\/index.php?rest_route=%2Fwp%2Fv2%2Fmedia&parent=348488"}],"wp:term":[{"taxonomy":"category","embeddable":true,"href":"https:\/\/archive.sana.sy\/es\/index.php?rest_route=%2Fwp%2Fv2%2Fcategories&post=348488"},{"taxonomy":"post_tag","embeddable":true,"href":"https:\/\/archive.sana.sy\/es\/index.php?rest_route=%2Fwp%2Fv2%2Ftags&post=348488"}],"curies":[{"name":"wp","href":"https:\/\/api.w.org\/{rel}","templated":true}]}}