{"id":34850,"date":"2015-12-09T12:00:38","date_gmt":"2015-12-09T10:00:38","guid":{"rendered":"http:\/\/www.sana.sy\/es\/?p=34850"},"modified":"2015-12-09T12:44:53","modified_gmt":"2015-12-09T10:44:53","slug":"churkin-moscu-espera-que-proxima-reunion-sobre-siria-se-celebre-en-viena-y-no-en-nueva-york","status":"publish","type":"post","link":"https:\/\/archive.sana.sy\/es\/?p=34850","title":{"rendered":"Churkin: Mosc\u00fa espera que pr\u00f3xima reuni\u00f3n sobre Siria se celebre en Viena y no en Nueva York"},"content":{"rendered":"<div><span lang=\"ES-TRAD\" style=\"color: #800000\">Nueva York, SANA<\/span><\/div>\n<div><\/div>\n<div><span lang=\"ES-TRAD\">El Representante Permanente de Rusia ante las Naciones Unidas, Vitaly Churkin, dijo que Rusia desear\u00eda que la pr\u00f3xima reuni\u00f3n sobre Siria se celebrar\u00eda en Viena y no en Nueva York con el fin de continuar el proceso que se inici\u00f3 en esa ciudad, lejos de la atm\u00f3sfera fren\u00e9tica en Nueva York.<\/span><\/div>\n<div><\/div>\n<div><span lang=\"ES-TRAD\">En declaraciones a los periodistas, Churkin se\u00f1al\u00f3 que celebrar una reuni\u00f3n sobre Siria en el 18 de este mes es prematuro, precisando que la celebraci\u00f3n de reuniones sin la aplicaci\u00f3n de los acuerdos alcanzados podr\u00eda perjudicar el proceso de Viena&#8221;<\/span><\/div>\n<div><\/div>\n<div><span lang=\"ES-TRAD\">El funcionario ruso se\u00f1al\u00f3 que Rusia y Estados Unidos est\u00e1n trabajando juntos en un proyecto de resoluci\u00f3n para la renovaci\u00f3n del sistema de sanciones y bloquear la financiaci\u00f3n de los grupos terroristas.<\/span><\/div>\n<div><span lang=\"ES-TRAD\">Por otro lado, Churkin expres\u00f3 su deseo de que Turqu\u00eda se abstenga de llevar a cabo en Siria acciones como las que realiz\u00f3 en Irak, donde despleg\u00f3 tropas y equipos militares.<\/span><\/div>\n<div><\/div>\n<div><span lang=\"ES-TRAD\">Precis\u00f3 manifest\u00f3 la esperanza de que la situaci\u00f3n creada por la presencia de soldados turcos en su territorio se resuelva de manera satisfactoria para Bagdad.<\/span><\/div>\n<div class=\"yj6qo ajU\">\n<div id=\":wk\" class=\"ajR\"><img decoding=\"async\" class=\"ajT\" src=\"https:\/\/ssl.gstatic.com\/ui\/v1\/icons\/mail\/images\/cleardot.gif\" alt=\"\" \/><\/div>\n<\/div>\n","protected":false},"excerpt":{"rendered":"<p>Nueva York, SANA El Representante Permanente de Rusia ante las Naciones Unidas, Vitaly Churkin, dijo que Rusia desear\u00eda que la pr\u00f3xima reuni\u00f3n sobre Siria se celebrar\u00eda en Viena y no en Nueva York con el fin de continuar el proceso que se inici\u00f3 en esa ciudad, lejos de la atm\u00f3sfera fren\u00e9tica en Nueva York. En &hellip;<\/p>\n","protected":false},"author":24,"featured_media":34851,"comment_status":"closed","ping_status":"closed","sticky":false,"template":"","format":"standard","meta":{"footnotes":""},"categories":[456,7541],"tags":[],"class_list":["post-34850","post","type-post","status-publish","format-standard","has-post-thumbnail","","category-arabe-internacional-politica","category-ultimas-noticias"],"_links":{"self":[{"href":"https:\/\/archive.sana.sy\/es\/index.php?rest_route=\/wp\/v2\/posts\/34850"}],"collection":[{"href":"https:\/\/archive.sana.sy\/es\/index.php?rest_route=\/wp\/v2\/posts"}],"about":[{"href":"https:\/\/archive.sana.sy\/es\/index.php?rest_route=\/wp\/v2\/types\/post"}],"author":[{"embeddable":true,"href":"https:\/\/archive.sana.sy\/es\/index.php?rest_route=\/wp\/v2\/users\/24"}],"replies":[{"embeddable":true,"href":"https:\/\/archive.sana.sy\/es\/index.php?rest_route=%2Fwp%2Fv2%2Fcomments&post=34850"}],"version-history":[{"count":0,"href":"https:\/\/archive.sana.sy\/es\/index.php?rest_route=\/wp\/v2\/posts\/34850\/revisions"}],"wp:featuredmedia":[{"embeddable":true,"href":"https:\/\/archive.sana.sy\/es\/index.php?rest_route=\/wp\/v2\/media\/34851"}],"wp:attachment":[{"href":"https:\/\/archive.sana.sy\/es\/index.php?rest_route=%2Fwp%2Fv2%2Fmedia&parent=34850"}],"wp:term":[{"taxonomy":"category","embeddable":true,"href":"https:\/\/archive.sana.sy\/es\/index.php?rest_route=%2Fwp%2Fv2%2Fcategories&post=34850"},{"taxonomy":"post_tag","embeddable":true,"href":"https:\/\/archive.sana.sy\/es\/index.php?rest_route=%2Fwp%2Fv2%2Ftags&post=34850"}],"curies":[{"name":"wp","href":"https:\/\/api.w.org\/{rel}","templated":true}]}}