{"id":348501,"date":"2025-03-12T15:03:17","date_gmt":"2025-03-12T12:03:17","guid":{"rendered":"https:\/\/sana.sy\/es\/?p=348501"},"modified":"2025-03-12T15:07:13","modified_gmt":"2025-03-12T12:07:13","slug":"ministerio-de-salud-repasa-posibilidades-de-cooperacion-con-una-delegacion-del-ministerio-de-asuntos-exteriores-frances","status":"publish","type":"post","link":"https:\/\/archive.sana.sy\/es\/?p=348501","title":{"rendered":"Ministerio de Salud repasa posibilidades de cooperaci\u00f3n con una delegaci\u00f3n del Ministerio de Asuntos Exteriores franc\u00e9s"},"content":{"rendered":"<blockquote>\n<p style=\"text-align: justify;\"><strong><span style=\"color: #800000;\">Durante la reuni\u00f3n, celebrada hoy en la sede del Ministerio en Damasco, Al-Shara explic\u00f3 que el sector de la salud se encuentra en un estado de colapso y que es necesario coordinarse con todos los pa\u00edses, organizaciones y delegaciones m\u00e9dicas para asegurar las muchas necesidades que le faltan.<\/span><\/strong><\/p>\n<\/blockquote>\n<p style=\"text-align: justify;\"><span style=\"color: #800000;\"><strong>Damasco, 12 mar (SANA)\u00a0<\/strong> <\/span>El ministro de Salud en funciones, Maher Al-Shara, examin\u00f3 con una delegaci\u00f3n del Ministerio de Asuntos Exteriores franc\u00e9s y la agencia Expertise France las formas de cooperaci\u00f3n en el sector de la salud, lo que contribuir\u00eda a mejorar la calidad de los servicios de salud.<\/p>\n<p style=\"text-align: justify;\"><img loading=\"lazy\" decoding=\"async\" class=\"size-full wp-image-348506 alignright\" src=\"http:\/\/sana.sy\/es\/wp-content\/uploads\/2025\/03\/photo_2025-03-12_14-45-50-300x168-1.jpg\" alt=\"\" width=\"300\" height=\"168\" srcset=\"https:\/\/archive.sana.sy\/es\/wp-content\/uploads\/2025\/03\/photo_2025-03-12_14-45-50-300x168-1.jpg 300w, https:\/\/archive.sana.sy\/es\/wp-content\/uploads\/2025\/03\/photo_2025-03-12_14-45-50-300x168-1-150x84.jpg 150w\" sizes=\"(max-width: 300px) 100vw, 300px\" \/>Durante la reuni\u00f3n, celebrada hoy en la sede del Ministerio en Damasco, Al-Shara explic\u00f3 que el sector de la salud se encuentra en un estado de colapso y que es necesario coordinarse con todos los pa\u00edses, organizaciones y delegaciones m\u00e9dicas para asegurar las muchas necesidades que le faltan.<\/p>\n<p style=\"text-align: justify;\">Las dos partes analizaron los desaf\u00edos que enfrenta el sector de la salud en Siria y las perspectivas de cooperaci\u00f3n para avanzar en \u00e9l y ampliar los planes de trabajo futuros en varios campos de la salud.<\/p>\n<p style=\"text-align: justify;\">Destac\u00f3 la necesidad de trabajar juntos para rehabilitar la infraestructura de las instalaciones de salud y restaurar lo que fue destruido, asegurar los suministros m\u00e9dicos, dispositivos y equipos, e intercambiar experiencia con el objetivo de aumentar las competencias y la experiencia cient\u00edfica y m\u00e9dica.<\/p>\n<p style=\"text-align: justify;\">Los miembros de la delegaci\u00f3n expresaron su disposici\u00f3n a implementar planes de acci\u00f3n conjuntos con el Ministerio para desarrollar el sector de la salud.<\/p>\n<p style=\"text-align: justify;\">Indicaron que la agencia Expertise France es la agencia p\u00fablica francesa de cooperaci\u00f3n internacional y trabaja en el marco de programas de estabilizaci\u00f3n y creaci\u00f3n de las condiciones necesarias para poner fin a las crisis de manera sostenible, mejorar la seguridad humana y apoyar la resiliencia de las comunidades afectadas.<\/p>\n<p style=\"text-align: justify;\">La delegaci\u00f3n afirm\u00f3 el compromiso de seguir cooperando y proporcionar todo tipo de apoyo para mejorar la calidad de los servicios de salud prestados a los ciudadanos.<\/p>\n<p style=\"text-align: justify;\">\u200f<\/p>\n","protected":false},"excerpt":{"rendered":"<p>Durante la reuni\u00f3n, celebrada hoy en la sede del Ministerio en Damasco, Al-Shara explic\u00f3 que el sector de la salud se encuentra en un estado de colapso y que es necesario coordinarse con todos los pa\u00edses, organizaciones y delegaciones m\u00e9dicas para asegurar las muchas necesidades que le faltan. Damasco, 12 mar (SANA)\u00a0 El ministro de &hellip;<\/p>\n","protected":false},"author":35,"featured_media":348503,"comment_status":"closed","ping_status":"closed","sticky":false,"template":"","format":"standard","meta":{"footnotes":""},"categories":[597,20724,476,7541,1],"tags":[],"class_list":["post-348501","post","type-post","status-publish","format-standard","has-post-thumbnail","","category-cinta-de-noticias","category-minuto-a-minuto","category-locales","category-ultimas-noticias","category-news-not-sorted"],"_links":{"self":[{"href":"https:\/\/archive.sana.sy\/es\/index.php?rest_route=\/wp\/v2\/posts\/348501"}],"collection":[{"href":"https:\/\/archive.sana.sy\/es\/index.php?rest_route=\/wp\/v2\/posts"}],"about":[{"href":"https:\/\/archive.sana.sy\/es\/index.php?rest_route=\/wp\/v2\/types\/post"}],"author":[{"embeddable":true,"href":"https:\/\/archive.sana.sy\/es\/index.php?rest_route=\/wp\/v2\/users\/35"}],"replies":[{"embeddable":true,"href":"https:\/\/archive.sana.sy\/es\/index.php?rest_route=%2Fwp%2Fv2%2Fcomments&post=348501"}],"version-history":[{"count":5,"href":"https:\/\/archive.sana.sy\/es\/index.php?rest_route=\/wp\/v2\/posts\/348501\/revisions"}],"predecessor-version":[{"id":348508,"href":"https:\/\/archive.sana.sy\/es\/index.php?rest_route=\/wp\/v2\/posts\/348501\/revisions\/348508"}],"wp:featuredmedia":[{"embeddable":true,"href":"https:\/\/archive.sana.sy\/es\/index.php?rest_route=\/wp\/v2\/media\/348503"}],"wp:attachment":[{"href":"https:\/\/archive.sana.sy\/es\/index.php?rest_route=%2Fwp%2Fv2%2Fmedia&parent=348501"}],"wp:term":[{"taxonomy":"category","embeddable":true,"href":"https:\/\/archive.sana.sy\/es\/index.php?rest_route=%2Fwp%2Fv2%2Fcategories&post=348501"},{"taxonomy":"post_tag","embeddable":true,"href":"https:\/\/archive.sana.sy\/es\/index.php?rest_route=%2Fwp%2Fv2%2Ftags&post=348501"}],"curies":[{"name":"wp","href":"https:\/\/api.w.org\/{rel}","templated":true}]}}