{"id":34853,"date":"2015-12-09T10:37:25","date_gmt":"2015-12-09T08:37:25","guid":{"rendered":"http:\/\/www.sana.sy\/es\/?p=34853"},"modified":"2015-12-09T14:40:36","modified_gmt":"2015-12-09T12:40:36","slug":"shoigu-rusia-ataca-posiciones-del-ei-con-misiles-lanzados-desde-submarino","status":"publish","type":"post","link":"https:\/\/archive.sana.sy\/es\/?p=34853","title":{"rendered":"Shoig\u00fa: Rusia ataca posiciones del EI con misiles lanzados desde submarino"},"content":{"rendered":"<p><span style=\"color: #800000\">Mosc\u00fa, SANA<\/span><\/p>\n<p>Rusia atac\u00f3 a posiciones de la organizaci\u00f3n terrorista del Estado Isl\u00e1mico (EI) con misiles Kalibr disparados desde un submarino emplazado en el Mediterr\u00e1neo.<\/p>\n<p>Seg\u00fan inform\u00f3 la agencia rusa de noticias \u201cSputik\u201d, el ministro de Defensa, Sergu\u00e9i Shoig\u00fa, comunic\u00f3 que &#8220;es la primera vez que los misiles de crucero Kalibr son lanzados por el submarino \u201cRostov na Donu\u201d desde el mar Mediterr\u00e1neo&#8221;.<\/p>\n<p>Shoig\u00fa inform\u00f3 al presidente de Rusia, Vlad\u00edmir Putin, que como resultado del ataque fueron destruidos importantes objetivos de los terroristas en la ciudad siria de Raqqa.<\/p>\n<p>Tambi\u00e9n destac\u00f3 que los misiles Kalibr han demostrado una vez m\u00e1s su gran eficacia en ataques a grandes distancias.<\/p>\n<p><span style=\"color: #3366ff\">Fuerzas A\u00e9rea rusa destruye unos 600 blancos en tres d\u00edas<\/span><\/p>\n<p>Shoig\u00fa asimismo comunic\u00f3 que los aviones rusos que participan en la operaci\u00f3n a\u00e9rea en Siria realizaron en tres d\u00edas m\u00e1s de 300 vuelos de combate y destruyeron unos 600 objetivos.<\/p>\n<p>El ministro asegur\u00f3 al presidente Putin que durante sus misiones de combate, todos los bombarderos Tu-22 fueron escoltados por cazas Su-30, tal y como hab\u00eda exigido Vlad\u00edmir Putin, Comandante en Jefe de las Fuerzas Armadas.<\/p>\n<p>&nbsp;<\/p>\n<p>&nbsp;<\/p>\n<p>Fady M., Lynn A.<\/p>\n","protected":false},"excerpt":{"rendered":"<p>Mosc\u00fa, SANA Rusia atac\u00f3 a posiciones de la organizaci\u00f3n terrorista del Estado Isl\u00e1mico (EI) con misiles Kalibr disparados desde un submarino emplazado en el Mediterr\u00e1neo. Seg\u00fan inform\u00f3 la agencia rusa de noticias \u201cSputik\u201d, el ministro de Defensa, Sergu\u00e9i Shoig\u00fa, comunic\u00f3 que &#8220;es la primera vez que los misiles de crucero Kalibr son lanzados por el &hellip;<\/p>\n","protected":false},"author":24,"featured_media":32757,"comment_status":"closed","ping_status":"closed","sticky":false,"template":"","format":"standard","meta":{"footnotes":""},"categories":[456,457],"tags":[],"class_list":["post-34853","post","type-post","status-publish","format-standard","has-post-thumbnail","","category-arabe-internacional-politica","category-noticias-arabe-internacional-politica"],"_links":{"self":[{"href":"https:\/\/archive.sana.sy\/es\/index.php?rest_route=\/wp\/v2\/posts\/34853"}],"collection":[{"href":"https:\/\/archive.sana.sy\/es\/index.php?rest_route=\/wp\/v2\/posts"}],"about":[{"href":"https:\/\/archive.sana.sy\/es\/index.php?rest_route=\/wp\/v2\/types\/post"}],"author":[{"embeddable":true,"href":"https:\/\/archive.sana.sy\/es\/index.php?rest_route=\/wp\/v2\/users\/24"}],"replies":[{"embeddable":true,"href":"https:\/\/archive.sana.sy\/es\/index.php?rest_route=%2Fwp%2Fv2%2Fcomments&post=34853"}],"version-history":[{"count":0,"href":"https:\/\/archive.sana.sy\/es\/index.php?rest_route=\/wp\/v2\/posts\/34853\/revisions"}],"wp:featuredmedia":[{"embeddable":true,"href":"https:\/\/archive.sana.sy\/es\/index.php?rest_route=\/wp\/v2\/media\/32757"}],"wp:attachment":[{"href":"https:\/\/archive.sana.sy\/es\/index.php?rest_route=%2Fwp%2Fv2%2Fmedia&parent=34853"}],"wp:term":[{"taxonomy":"category","embeddable":true,"href":"https:\/\/archive.sana.sy\/es\/index.php?rest_route=%2Fwp%2Fv2%2Fcategories&post=34853"},{"taxonomy":"post_tag","embeddable":true,"href":"https:\/\/archive.sana.sy\/es\/index.php?rest_route=%2Fwp%2Fv2%2Ftags&post=34853"}],"curies":[{"name":"wp","href":"https:\/\/api.w.org\/{rel}","templated":true}]}}