{"id":348533,"date":"2025-03-12T18:26:26","date_gmt":"2025-03-12T15:26:26","guid":{"rendered":"https:\/\/sana.sy\/es\/?p=348533"},"modified":"2025-03-12T18:27:32","modified_gmt":"2025-03-12T15:27:32","slug":"siria-recupera-su-plena-membresia-en-la-organizacion-islamica-para-la-educacion-la-ciencia-y-la-cultura","status":"publish","type":"post","link":"https:\/\/archive.sana.sy\/es\/?p=348533","title":{"rendered":"Siria recupera su plena membres\u00eda en la Organizaci\u00f3n Isl\u00e1mica para la Educaci\u00f3n, la Ciencia y la Cultura"},"content":{"rendered":"<p style=\"text-align: justify\"><span style=\"color: #800000\"><strong>Damasco, 12 mar (SANA)<\/strong><\/span> En una medida destinada a fortalecer la cooperaci\u00f3n cultural y cient\u00edfica entre Siria y los pa\u00edses isl\u00e1micos, la Organizaci\u00f3n Isl\u00e1mica para la Educaci\u00f3n, la Ciencia y la Cultura (ISESCO) anunci\u00f3 la recuperaci\u00f3n de Siria de su plena membres\u00eda en la organizaci\u00f3n despu\u00e9s de a\u00f1os de interrupci\u00f3n.<\/p>\n<p style=\"text-align: justify\">El anuncio se produjo durante una reuni\u00f3n virtual entre el director general de Antig\u00fcedades y Museos de Siria, Anas Haj Zidane, y representantes de la ISESCO.<\/p>\n<p style=\"text-align: justify\">Bilal Al-Shabi, experto del programa de la ISESCO, se\u00f1al\u00f3 que pronto una misi\u00f3n t\u00e9cnica visitar\u00e1 Siria para inspeccionar varios sitios arqueol\u00f3gicos y museos con el fin de desarrollar un plan de acci\u00f3n conjunto destinado a apoyar los esfuerzos gubernamentales para preservar el patrimonio cultural sirio, as\u00ed como evaluar las necesidades t\u00e9cnicas y log\u00edsticas de la Direcci\u00f3n de Antig\u00fcedades y Museos a este respecto.<\/p>\n<p style=\"text-align: justify\">Por su parte, Haj Zidane dio la bienvenida a este paso, considerando que la visita de la misi\u00f3n contribuir\u00e1 a ayudar en establecer nuevas estrategias para conservar el patrimonio sirio, especialmente a la luz de los desaf\u00edos que enfrenta el pa\u00eds a consecuencia de la guerra.<\/p>\n","protected":false},"excerpt":{"rendered":"<p>Damasco, 12 mar (SANA) En una medida destinada a fortalecer la cooperaci\u00f3n cultural y cient\u00edfica entre Siria y los pa\u00edses isl\u00e1micos, la Organizaci\u00f3n Isl\u00e1mica para la Educaci\u00f3n, la Ciencia y la Cultura (ISESCO) anunci\u00f3 la recuperaci\u00f3n de Siria de su plena membres\u00eda en la organizaci\u00f3n despu\u00e9s de a\u00f1os de interrupci\u00f3n. El anuncio se produjo durante &hellip;<\/p>\n","protected":false},"author":24,"featured_media":348534,"comment_status":"closed","ping_status":"closed","sticky":false,"template":"","format":"standard","meta":{"footnotes":""},"categories":[447,597,20724,448,467,7541],"tags":[],"class_list":["post-348533","post","type-post","status-publish","format-standard","has-post-thumbnail","","category-local-politica","category-cinta-de-noticias","category-minuto-a-minuto","category-noticias","category-siria-y-el-mundo","category-ultimas-noticias"],"_links":{"self":[{"href":"https:\/\/archive.sana.sy\/es\/index.php?rest_route=\/wp\/v2\/posts\/348533"}],"collection":[{"href":"https:\/\/archive.sana.sy\/es\/index.php?rest_route=\/wp\/v2\/posts"}],"about":[{"href":"https:\/\/archive.sana.sy\/es\/index.php?rest_route=\/wp\/v2\/types\/post"}],"author":[{"embeddable":true,"href":"https:\/\/archive.sana.sy\/es\/index.php?rest_route=\/wp\/v2\/users\/24"}],"replies":[{"embeddable":true,"href":"https:\/\/archive.sana.sy\/es\/index.php?rest_route=%2Fwp%2Fv2%2Fcomments&post=348533"}],"version-history":[{"count":2,"href":"https:\/\/archive.sana.sy\/es\/index.php?rest_route=\/wp\/v2\/posts\/348533\/revisions"}],"predecessor-version":[{"id":348536,"href":"https:\/\/archive.sana.sy\/es\/index.php?rest_route=\/wp\/v2\/posts\/348533\/revisions\/348536"}],"wp:featuredmedia":[{"embeddable":true,"href":"https:\/\/archive.sana.sy\/es\/index.php?rest_route=\/wp\/v2\/media\/348534"}],"wp:attachment":[{"href":"https:\/\/archive.sana.sy\/es\/index.php?rest_route=%2Fwp%2Fv2%2Fmedia&parent=348533"}],"wp:term":[{"taxonomy":"category","embeddable":true,"href":"https:\/\/archive.sana.sy\/es\/index.php?rest_route=%2Fwp%2Fv2%2Fcategories&post=348533"},{"taxonomy":"post_tag","embeddable":true,"href":"https:\/\/archive.sana.sy\/es\/index.php?rest_route=%2Fwp%2Fv2%2Ftags&post=348533"}],"curies":[{"name":"wp","href":"https:\/\/api.w.org\/{rel}","templated":true}]}}