{"id":348537,"date":"2025-03-12T18:41:54","date_gmt":"2025-03-12T15:41:54","guid":{"rendered":"https:\/\/sana.sy\/es\/?p=348537"},"modified":"2025-03-12T18:41:54","modified_gmt":"2025-03-12T15:41:54","slug":"ue-acoge-con-satisfaccion-creacion-de-una-comision-para-investigar-los-ultimos-sucesos-en-la-costa-siria","status":"publish","type":"post","link":"https:\/\/archive.sana.sy\/es\/?p=348537","title":{"rendered":"UE acoge con satisfacci\u00f3n creaci\u00f3n de una comisi\u00f3n para investigar los \u00faltimos sucesos en la costa siria"},"content":{"rendered":"<p style=\"text-align: justify\"><span style=\"color: #800000\"><strong>Bruselas, 12 mar (SANA)<\/strong><\/span> La Uni\u00f3n Europea acogi\u00f3 con satisfacci\u00f3n la creaci\u00f3n por parte de las autoridades sirias de una comisi\u00f3n para investigar los recientes sucesos en la costa siria.<\/p>\n<p style=\"text-align: justify\">&#8220;Acogemos con satisfacci\u00f3n los compromisos anunciados por las autoridades sirias, en particular la formaci\u00f3n de una comisi\u00f3n de investigaci\u00f3n destinada a exigir responsabilidades a los autores de los cr\u00edmenes, de conformidad con las normas del derecho internacional&#8221;, cit\u00f3 la agencia AFP hoy al servicio diplom\u00e1tico de la UE.<\/p>\n<p style=\"text-align: justify\">El texto emitido por las 27 naciones del bloque destac\u00f3 que &#8220;se deben hacer todos los esfuerzos posibles para evitar que se repitan tales cr\u00edmenes&#8221;.<\/p>\n","protected":false},"excerpt":{"rendered":"<p>Bruselas, 12 mar (SANA) La Uni\u00f3n Europea acogi\u00f3 con satisfacci\u00f3n la creaci\u00f3n por parte de las autoridades sirias de una comisi\u00f3n para investigar los recientes sucesos en la costa siria. &#8220;Acogemos con satisfacci\u00f3n los compromisos anunciados por las autoridades sirias, en particular la formaci\u00f3n de una comisi\u00f3n de investigaci\u00f3n destinada a exigir responsabilidades a los &hellip;<\/p>\n","protected":false},"author":24,"featured_media":348538,"comment_status":"closed","ping_status":"closed","sticky":false,"template":"","format":"standard","meta":{"footnotes":""},"categories":[597,20724,467,7541],"tags":[],"class_list":["post-348537","post","type-post","status-publish","format-standard","has-post-thumbnail","","category-cinta-de-noticias","category-minuto-a-minuto","category-siria-y-el-mundo","category-ultimas-noticias"],"_links":{"self":[{"href":"https:\/\/archive.sana.sy\/es\/index.php?rest_route=\/wp\/v2\/posts\/348537"}],"collection":[{"href":"https:\/\/archive.sana.sy\/es\/index.php?rest_route=\/wp\/v2\/posts"}],"about":[{"href":"https:\/\/archive.sana.sy\/es\/index.php?rest_route=\/wp\/v2\/types\/post"}],"author":[{"embeddable":true,"href":"https:\/\/archive.sana.sy\/es\/index.php?rest_route=\/wp\/v2\/users\/24"}],"replies":[{"embeddable":true,"href":"https:\/\/archive.sana.sy\/es\/index.php?rest_route=%2Fwp%2Fv2%2Fcomments&post=348537"}],"version-history":[{"count":1,"href":"https:\/\/archive.sana.sy\/es\/index.php?rest_route=\/wp\/v2\/posts\/348537\/revisions"}],"predecessor-version":[{"id":348539,"href":"https:\/\/archive.sana.sy\/es\/index.php?rest_route=\/wp\/v2\/posts\/348537\/revisions\/348539"}],"wp:featuredmedia":[{"embeddable":true,"href":"https:\/\/archive.sana.sy\/es\/index.php?rest_route=\/wp\/v2\/media\/348538"}],"wp:attachment":[{"href":"https:\/\/archive.sana.sy\/es\/index.php?rest_route=%2Fwp%2Fv2%2Fmedia&parent=348537"}],"wp:term":[{"taxonomy":"category","embeddable":true,"href":"https:\/\/archive.sana.sy\/es\/index.php?rest_route=%2Fwp%2Fv2%2Fcategories&post=348537"},{"taxonomy":"post_tag","embeddable":true,"href":"https:\/\/archive.sana.sy\/es\/index.php?rest_route=%2Fwp%2Fv2%2Ftags&post=348537"}],"curies":[{"name":"wp","href":"https:\/\/api.w.org\/{rel}","templated":true}]}}