{"id":348540,"date":"2025-03-12T18:56:57","date_gmt":"2025-03-12T15:56:57","guid":{"rendered":"https:\/\/sana.sy\/es\/?p=348540"},"modified":"2025-03-12T18:57:45","modified_gmt":"2025-03-12T15:57:45","slug":"muere-un-hombre-por-el-estallido-de-una-mina-terrestre-en-el-noreste-sirio","status":"publish","type":"post","link":"https:\/\/archive.sana.sy\/es\/?p=348540","title":{"rendered":"Muere un hombre por el estallido de una mina terrestre en el noreste sirio"},"content":{"rendered":"<p style=\"text-align: justify\"><span style=\"color: #800000\"><strong>Deir Ezzor, 12 mar (SANA)<\/strong> <\/span>Una persona perdi\u00f3 la vida hoy tras la explosi\u00f3n de una mina terrestre, dejada por el depuesto r\u00e9gimen, en las afueras de la aldea de Kabajib en el desierto de Deir Ezzor.<\/p>\n<p style=\"text-align: justify\">A trav\u00e9s de su canal de Telegram, la entidad de Defensa Civil inform\u00f3 que sus equipos recuperaron el cuerpo del hombre fallecido y lo trasladaron al Hospital Nacional de Deir Ezzor.<\/p>\n<p><img loading=\"lazy\" decoding=\"async\" class=\"size-full wp-image-348542 aligncenter\" src=\"http:\/\/sana.sy\/es\/wp-content\/uploads\/2025\/03\/Muere-un-hombre-por-el-estallido-de-una-mina-terrestre-en-Deir-Ezzor-2.jpg\" alt=\"\" width=\"660\" height=\"440\" srcset=\"https:\/\/archive.sana.sy\/es\/wp-content\/uploads\/2025\/03\/Muere-un-hombre-por-el-estallido-de-una-mina-terrestre-en-Deir-Ezzor-2.jpg 660w, https:\/\/archive.sana.sy\/es\/wp-content\/uploads\/2025\/03\/Muere-un-hombre-por-el-estallido-de-una-mina-terrestre-en-Deir-Ezzor-2-300x200.jpg 300w, https:\/\/archive.sana.sy\/es\/wp-content\/uploads\/2025\/03\/Muere-un-hombre-por-el-estallido-de-una-mina-terrestre-en-Deir-Ezzor-2-150x100.jpg 150w\" sizes=\"(max-width: 660px) 100vw, 660px\" \/><\/p>\n","protected":false},"excerpt":{"rendered":"<p>Deir Ezzor, 12 mar (SANA) Una persona perdi\u00f3 la vida hoy tras la explosi\u00f3n de una mina terrestre, dejada por el depuesto r\u00e9gimen, en las afueras de la aldea de Kabajib en el desierto de Deir Ezzor. A trav\u00e9s de su canal de Telegram, la entidad de Defensa Civil inform\u00f3 que sus equipos recuperaron el &hellip;<\/p>\n","protected":false},"author":24,"featured_media":348541,"comment_status":"closed","ping_status":"closed","sticky":false,"template":"","format":"standard","meta":{"footnotes":""},"categories":[447,477,597,20724,476,448],"tags":[],"class_list":["post-348540","post","type-post","status-publish","format-standard","has-post-thumbnail","","category-local-politica","category-noticias-edulcorantes","category-cinta-de-noticias","category-minuto-a-minuto","category-locales","category-noticias"],"_links":{"self":[{"href":"https:\/\/archive.sana.sy\/es\/index.php?rest_route=\/wp\/v2\/posts\/348540"}],"collection":[{"href":"https:\/\/archive.sana.sy\/es\/index.php?rest_route=\/wp\/v2\/posts"}],"about":[{"href":"https:\/\/archive.sana.sy\/es\/index.php?rest_route=\/wp\/v2\/types\/post"}],"author":[{"embeddable":true,"href":"https:\/\/archive.sana.sy\/es\/index.php?rest_route=\/wp\/v2\/users\/24"}],"replies":[{"embeddable":true,"href":"https:\/\/archive.sana.sy\/es\/index.php?rest_route=%2Fwp%2Fv2%2Fcomments&post=348540"}],"version-history":[{"count":1,"href":"https:\/\/archive.sana.sy\/es\/index.php?rest_route=\/wp\/v2\/posts\/348540\/revisions"}],"predecessor-version":[{"id":348543,"href":"https:\/\/archive.sana.sy\/es\/index.php?rest_route=\/wp\/v2\/posts\/348540\/revisions\/348543"}],"wp:featuredmedia":[{"embeddable":true,"href":"https:\/\/archive.sana.sy\/es\/index.php?rest_route=\/wp\/v2\/media\/348541"}],"wp:attachment":[{"href":"https:\/\/archive.sana.sy\/es\/index.php?rest_route=%2Fwp%2Fv2%2Fmedia&parent=348540"}],"wp:term":[{"taxonomy":"category","embeddable":true,"href":"https:\/\/archive.sana.sy\/es\/index.php?rest_route=%2Fwp%2Fv2%2Fcategories&post=348540"},{"taxonomy":"post_tag","embeddable":true,"href":"https:\/\/archive.sana.sy\/es\/index.php?rest_route=%2Fwp%2Fv2%2Ftags&post=348540"}],"curies":[{"name":"wp","href":"https:\/\/api.w.org\/{rel}","templated":true}]}}