{"id":348544,"date":"2025-03-13T07:56:58","date_gmt":"2025-03-13T04:56:58","guid":{"rendered":"https:\/\/sana.sy\/es\/?p=348544"},"modified":"2025-03-13T07:56:58","modified_gmt":"2025-03-13T04:56:58","slug":"crean-en-siria-un-consejo-de-seguridad-nacional","status":"publish","type":"post","link":"https:\/\/archive.sana.sy\/es\/?p=348544","title":{"rendered":"Crean en Siria un Consejo de Seguridad Nacional"},"content":{"rendered":"<p><span style=\"color: #800000;\"><strong>Damasco, 13 mar (SANA)<\/strong><\/span> Sobre la base de los poderes conferidos al Presidente de la Rep\u00fablica \u00c1rabe Siria, y tomando en cuenta el inter\u00e9s nacional supremo, as\u00ed como la voluntad de mejorar la seguridad nacional y responder a los desaf\u00edos pol\u00edticos y de seguridad en el pr\u00f3ximo per\u00edodo, el Presidente de la Rep\u00fablica decide lo siguiente:<\/p>\n<p>1&#xfe0f;&#x20e3; Crear el Consejo de Seguridad Nacional que ser\u00e1 encabezado por el Presidente de la Rep\u00fablica y tendr\u00e1 como objetivo coordinar y gestionar las pol\u00edticas de seguridad y la pol\u00edtica nacional.<\/p>\n<p>2&#xfe0f;&#x20e3; El Consejo de Seguridad Nacional estar\u00e1 integrado por:<\/p>\n<p>&#x2796; Ministro de Asuntos Exteriores.<\/p>\n<p>&#x2796; Ministro de Defensa.<\/p>\n<p>&#x2796; Director de Inteligencia General.<\/p>\n<p>&#x2796; Ministro del Interior.<\/p>\n<p>&#x2796; Dos puestos con funci\u00f3n consultiva designados por el Presidente de la Rep\u00fablica sobre la base de su competencia y experiencia.<\/p>\n<p>&#x2796; Un puesto t\u00e9cnico especializado designado por el Presidente de la Rep\u00fablica para dar seguimiento a asuntos t\u00e9cnicos y cient\u00edficos relativos a reuniones.<\/p>\n<p>3&#xfe0f;&#x20e3; El Consejo de Seguridad Nacional se re\u00fane peri\u00f3dicamente o por convocatoria del Presidente de la Rep\u00fablica, y toma decisiones relacionadas con la seguridad nacional y los desaf\u00edos que enfrenta el Estado en consulta entre sus miembros.<\/p>\n<p>4&#xfe0f;&#x20e3; Las funciones y mecanismos de funcionamiento del Consejo de Seguridad Nacional ser\u00e1n determinados por directivas del Presidente de la Rep\u00fablica, de manera compatible con el supremo inter\u00e9s nacional y asegurando la efectiva coordinaci\u00f3n entre los diversos organismos e instituciones.<\/p>\n","protected":false},"excerpt":{"rendered":"<p>Damasco, 13 mar (SANA) Sobre la base de los poderes conferidos al Presidente de la Rep\u00fablica \u00c1rabe Siria, y tomando en cuenta el inter\u00e9s nacional supremo, as\u00ed como la voluntad de mejorar la seguridad nacional y responder a los desaf\u00edos pol\u00edticos y de seguridad en el pr\u00f3ximo per\u00edodo, el Presidente de la Rep\u00fablica decide lo &hellip;<\/p>\n","protected":false},"author":34,"featured_media":348545,"comment_status":"closed","ping_status":"closed","sticky":false,"template":"","format":"standard","meta":{"footnotes":""},"categories":[477,447,597,20724,583],"tags":[],"class_list":["post-348544","post","type-post","status-publish","format-standard","has-post-thumbnail","","category-noticias-edulcorantes","category-local-politica","category-cinta-de-noticias","category-minuto-a-minuto","category-slide"],"_links":{"self":[{"href":"https:\/\/archive.sana.sy\/es\/index.php?rest_route=\/wp\/v2\/posts\/348544"}],"collection":[{"href":"https:\/\/archive.sana.sy\/es\/index.php?rest_route=\/wp\/v2\/posts"}],"about":[{"href":"https:\/\/archive.sana.sy\/es\/index.php?rest_route=\/wp\/v2\/types\/post"}],"author":[{"embeddable":true,"href":"https:\/\/archive.sana.sy\/es\/index.php?rest_route=\/wp\/v2\/users\/34"}],"replies":[{"embeddable":true,"href":"https:\/\/archive.sana.sy\/es\/index.php?rest_route=%2Fwp%2Fv2%2Fcomments&post=348544"}],"version-history":[{"count":1,"href":"https:\/\/archive.sana.sy\/es\/index.php?rest_route=\/wp\/v2\/posts\/348544\/revisions"}],"predecessor-version":[{"id":348546,"href":"https:\/\/archive.sana.sy\/es\/index.php?rest_route=\/wp\/v2\/posts\/348544\/revisions\/348546"}],"wp:featuredmedia":[{"embeddable":true,"href":"https:\/\/archive.sana.sy\/es\/index.php?rest_route=\/wp\/v2\/media\/348545"}],"wp:attachment":[{"href":"https:\/\/archive.sana.sy\/es\/index.php?rest_route=%2Fwp%2Fv2%2Fmedia&parent=348544"}],"wp:term":[{"taxonomy":"category","embeddable":true,"href":"https:\/\/archive.sana.sy\/es\/index.php?rest_route=%2Fwp%2Fv2%2Fcategories&post=348544"},{"taxonomy":"post_tag","embeddable":true,"href":"https:\/\/archive.sana.sy\/es\/index.php?rest_route=%2Fwp%2Fv2%2Ftags&post=348544"}],"curies":[{"name":"wp","href":"https:\/\/api.w.org\/{rel}","templated":true}]}}