{"id":348548,"date":"2025-03-13T14:04:32","date_gmt":"2025-03-13T11:04:32","guid":{"rendered":"https:\/\/sana.sy\/es\/?p=348548"},"modified":"2025-03-13T14:04:32","modified_gmt":"2025-03-13T11:04:32","slug":"bahrein-saluda-acuerdo-que-estipula-integracion-de-fds-en-instituciones-estatales-de-siria","status":"publish","type":"post","link":"https:\/\/archive.sana.sy\/es\/?p=348548","title":{"rendered":"Bahr\u00e9in saluda acuerdo que estipula integraci\u00f3n de FDS en instituciones estatales de Siria"},"content":{"rendered":"<p style=\"text-align: justify;\"><span style=\"color: #800000;\">Manama, 13 ,mar (SANA)\u00a0<\/span> Bahr\u00e9in acogi\u00f3 con satisfacci\u00f3n el acuerdo de integraci\u00f3n de las Fuerzas Democr\u00e1ticas Sirias (FDS) en las instituciones de la Rep\u00fablica \u00c1rabe Siria.<\/p>\n<p style=\"text-align: justify;\">En un comunicado difundido por la Agencia de Prensa de Bahr\u00e9in (BNA), el Ministerio de Asuntos Exteriores salud\u00f3 la firma del acuerdo y afirm\u00f3 el apoyo a la integridad territorial de Siria y rechazar la divisi\u00f3n.<\/p>\n<p style=\"text-align: justify;\">La declaraci\u00f3n calific\u00f3 este acuerdo como un paso positivo en el proceso de construcci\u00f3n de un Estado de derecho y de instituciones constitucionales basadas en la justicia y la ciudadan\u00eda.<\/p>\n<p style=\"text-align: justify;\">La declaraci\u00f3n tambi\u00e9n reiter\u00f3 el apoyo del Reino de Bahr\u00e9in a la seguridad, estabilidad, soberan\u00eda, unidad e integridad territorial de la Rep\u00fablica \u00c1rabe Siria, y llam\u00f3 a todos los espectros del hermano pueblo sirio a priorizar los intereses supremos de la naci\u00f3n, rechazar la divisi\u00f3n y el odio, y participar activamente en los esfuerzos para construir las instituciones del Estado sirio, de manera que satisfaga sus aspiraciones de unidad, seguridad, estabilidad y prosperidad.<\/p>\n<p style=\"text-align: justify;\">\n","protected":false},"excerpt":{"rendered":"<p>Manama, 13 ,mar (SANA)\u00a0 Bahr\u00e9in acogi\u00f3 con satisfacci\u00f3n el acuerdo de integraci\u00f3n de las Fuerzas Democr\u00e1ticas Sirias (FDS) en las instituciones de la Rep\u00fablica \u00c1rabe Siria. En un comunicado difundido por la Agencia de Prensa de Bahr\u00e9in (BNA), el Ministerio de Asuntos Exteriores salud\u00f3 la firma del acuerdo y afirm\u00f3 el apoyo a la integridad &hellip;<\/p>\n","protected":false},"author":32,"featured_media":348549,"comment_status":"closed","ping_status":"closed","sticky":false,"template":"","format":"standard","meta":{"footnotes":""},"categories":[597,20724,467,7541],"tags":[],"class_list":["post-348548","post","type-post","status-publish","format-standard","has-post-thumbnail","","category-cinta-de-noticias","category-minuto-a-minuto","category-siria-y-el-mundo","category-ultimas-noticias"],"_links":{"self":[{"href":"https:\/\/archive.sana.sy\/es\/index.php?rest_route=\/wp\/v2\/posts\/348548"}],"collection":[{"href":"https:\/\/archive.sana.sy\/es\/index.php?rest_route=\/wp\/v2\/posts"}],"about":[{"href":"https:\/\/archive.sana.sy\/es\/index.php?rest_route=\/wp\/v2\/types\/post"}],"author":[{"embeddable":true,"href":"https:\/\/archive.sana.sy\/es\/index.php?rest_route=\/wp\/v2\/users\/32"}],"replies":[{"embeddable":true,"href":"https:\/\/archive.sana.sy\/es\/index.php?rest_route=%2Fwp%2Fv2%2Fcomments&post=348548"}],"version-history":[{"count":1,"href":"https:\/\/archive.sana.sy\/es\/index.php?rest_route=\/wp\/v2\/posts\/348548\/revisions"}],"predecessor-version":[{"id":348550,"href":"https:\/\/archive.sana.sy\/es\/index.php?rest_route=\/wp\/v2\/posts\/348548\/revisions\/348550"}],"wp:featuredmedia":[{"embeddable":true,"href":"https:\/\/archive.sana.sy\/es\/index.php?rest_route=\/wp\/v2\/media\/348549"}],"wp:attachment":[{"href":"https:\/\/archive.sana.sy\/es\/index.php?rest_route=%2Fwp%2Fv2%2Fmedia&parent=348548"}],"wp:term":[{"taxonomy":"category","embeddable":true,"href":"https:\/\/archive.sana.sy\/es\/index.php?rest_route=%2Fwp%2Fv2%2Fcategories&post=348548"},{"taxonomy":"post_tag","embeddable":true,"href":"https:\/\/archive.sana.sy\/es\/index.php?rest_route=%2Fwp%2Fv2%2Ftags&post=348548"}],"curies":[{"name":"wp","href":"https:\/\/api.w.org\/{rel}","templated":true}]}}